{"id":11,"count":7,"description":"Gr\u00e9gory Valentin, artiste fran\u00e7ais n\u00e9 en 1977, pr\u00e9sente un minutieux travail de composition d\u00e9nomm\u00e9 \"especedelivre\" en hommage \u00e0 George Perec.\r\nArt'So accompagne la carri\u00e8re de cet artiste prot\u00e9iforme.","link":"https:\/\/www.artso.org\/index.php\/category\/projet\/gregory-valentin\/","name":"Gr\u00e9gory Valentin","slug":"gregory-valentin","taxonomy":"category","parent":25,"meta":[],"_links":{"self":[{"href":"https:\/\/www.artso.org\/index.php\/wp-json\/wp\/v2\/categories\/11","targetHints":{"allow":["GET"]}}],"collection":[{"href":"https:\/\/www.artso.org\/index.php\/wp-json\/wp\/v2\/categories"}],"about":[{"href":"https:\/\/www.artso.org\/index.php\/wp-json\/wp\/v2\/taxonomies\/category"}],"up":[{"embeddable":true,"href":"https:\/\/www.artso.org\/index.php\/wp-json\/wp\/v2\/categories\/25"}],"wp:post_type":[{"href":"https:\/\/www.artso.org\/index.php\/wp-json\/wp\/v2\/posts?categories=11"}],"curies":[{"name":"wp","href":"https:\/\/api.w.org\/{rel}","templated":true}]}}