{"id":113,"date":"2020-12-08T17:12:55","date_gmt":"2020-12-08T16:12:55","guid":{"rendered":"http:\/\/artsook.cluster030.hosting.ovh.net\/?p=113"},"modified":"2021-01-30T12:54:26","modified_gmt":"2021-01-30T11:54:26","slug":"solidart-lille-2015","status":"publish","type":"post","link":"https:\/\/www.artso.org\/index.php\/2020\/12\/08\/solidart-lille-2015\/","title":{"rendered":"Expo-vente \/ Lille 2015  <br>  <br> Solid&rsquo;Art #1"},"content":{"rendered":"\n<p class=\"has-text-align-center\">Les 19, 20 et 21 juin 2015  au Palais Rameau de Lille, 100 artistes ont expos\u00e9 et vendu leurs \u0153uvres pour aider le Secours populaire du Nord \u00e0 faire partir des enfants en vacances.<\/p>\n\n\n\n<p class=\"has-text-align-center\">Toutes les disciplines \u00e9taient repr\u00e9sent\u00e9es : peinture, sculpture, photo, gravure, art urbain, s\u00e9rigraphie d\u2019art\u2026 Pour cette 1\u00e8re \u00e9dition de Solid\u2019Art.<\/p>\n\n\n\n<hr class=\"wp-block-separator\"\/>\n\n\n\n<figure class=\"wp-block-gallery alignwide columns-2 is-cropped wp-block-gallery-1 is-layout-flex wp-block-gallery-is-layout-flex\"><ul class=\"blocks-gallery-grid\"><li class=\"blocks-gallery-item\"><figure><img decoding=\"async\" width=\"847\" height=\"1024\" data-src=\"http:\/\/artsook.cluster030.hosting.ovh.net\/wp-content\/uploads\/2021\/01\/Lille_palais_rameau-847x1024.jpg\" alt=\"\" data-id=\"894\" data-full-url=\"http:\/\/artsook.cluster030.hosting.ovh.net\/wp-content\/uploads\/2021\/01\/Lille_palais_rameau.jpg\" data-link=\"http:\/\/artsook.cluster030.hosting.ovh.net\/index.php\/2020\/12\/08\/solidart-lille-2015\/lille_palais_rameau\/\" class=\"wp-image-894 lazyload\" data-srcset=\"https:\/\/www.artso.org\/wp-content\/uploads\/2021\/01\/Lille_palais_rameau-847x1024.jpg 847w, https:\/\/www.artso.org\/wp-content\/uploads\/2021\/01\/Lille_palais_rameau-248x300.jpg 248w, https:\/\/www.artso.org\/wp-content\/uploads\/2021\/01\/Lille_palais_rameau-768x928.jpg 768w, https:\/\/www.artso.org\/wp-content\/uploads\/2021\/01\/Lille_palais_rameau-1271x1536.jpg 1271w, https:\/\/www.artso.org\/wp-content\/uploads\/2021\/01\/Lille_palais_rameau-1694x2048.jpg 1694w, https:\/\/www.artso.org\/wp-content\/uploads\/2021\/01\/Lille_palais_rameau-1200x1451.jpg 1200w, https:\/\/www.artso.org\/wp-content\/uploads\/2021\/01\/Lille_palais_rameau-1860x2249.jpg 1860w\" data-sizes=\"(max-width: 847px) 100vw, 847px\" src=\"data:image\/svg+xml;base64,PHN2ZyB3aWR0aD0iMSIgaGVpZ2h0PSIxIiB4bWxucz0iaHR0cDovL3d3dy53My5vcmcvMjAwMC9zdmciPjwvc3ZnPg==\" style=\"--smush-placeholder-width: 847px; --smush-placeholder-aspect-ratio: 847\/1024;\" \/><\/figure><\/li><li class=\"blocks-gallery-item\"><figure><img decoding=\"async\" width=\"960\" height=\"540\" data-src=\"http:\/\/artsook.cluster030.hosting.ovh.net\/wp-content\/uploads\/2021\/01\/IMG_3967-@-1.jpg\" alt=\"\" data-id=\"893\" data-full-url=\"http:\/\/artsook.cluster030.hosting.ovh.net\/wp-content\/uploads\/2021\/01\/IMG_3967-@-1.jpg\" data-link=\"http:\/\/artsook.cluster030.hosting.ovh.net\/index.php\/2020\/12\/08\/solidart-lille-2015\/img_3967-1\/\" class=\"wp-image-893 lazyload\" data-srcset=\"https:\/\/www.artso.org\/wp-content\/uploads\/2021\/01\/IMG_3967-@-1.jpg 960w, https:\/\/www.artso.org\/wp-content\/uploads\/2021\/01\/IMG_3967-@-1-300x169.jpg 300w, https:\/\/www.artso.org\/wp-content\/uploads\/2021\/01\/IMG_3967-@-1-768x432.jpg 768w\" data-sizes=\"(max-width: 960px) 100vw, 960px\" src=\"data:image\/svg+xml;base64,PHN2ZyB3aWR0aD0iMSIgaGVpZ2h0PSIxIiB4bWxucz0iaHR0cDovL3d3dy53My5vcmcvMjAwMC9zdmciPjwvc3ZnPg==\" style=\"--smush-placeholder-width: 960px; --smush-placeholder-aspect-ratio: 960\/540;\" \/><\/figure><\/li><\/ul><\/figure>\n\n\n\n<hr class=\"wp-block-separator\"\/>\n","protected":false},"excerpt":{"rendered":"<p>Les 19, 20 et 21 juin 2015 au Palais Rameau de Lille, 100 artistes ont expos\u00e9 et vendu leurs \u0153uvres pour aider le Secours populaire du Nord \u00e0 faire partir des enfants en vacances. Toutes les disciplines \u00e9taient repr\u00e9sent\u00e9es : peinture, sculpture, photo, gravure, art urbain, s\u00e9rigraphie d\u2019art\u2026 Pour cette 1\u00e8re \u00e9dition de Solid\u2019Art.<\/p>\n","protected":false},"author":1,"featured_media":132,"comment_status":"closed","ping_status":"open","sticky":false,"template":"","format":"standard","meta":{"footnotes":""},"categories":[12,9],"tags":[],"class_list":["post-113","post","type-post","status-publish","format-standard","has-post-thumbnail","hentry","category-secours-populaire","category-solidart","has-thumbnail"],"_links":{"self":[{"href":"https:\/\/www.artso.org\/index.php\/wp-json\/wp\/v2\/posts\/113","targetHints":{"allow":["GET"]}}],"collection":[{"href":"https:\/\/www.artso.org\/index.php\/wp-json\/wp\/v2\/posts"}],"about":[{"href":"https:\/\/www.artso.org\/index.php\/wp-json\/wp\/v2\/types\/post"}],"author":[{"embeddable":true,"href":"https:\/\/www.artso.org\/index.php\/wp-json\/wp\/v2\/users\/1"}],"replies":[{"embeddable":true,"href":"https:\/\/www.artso.org\/index.php\/wp-json\/wp\/v2\/comments?post=113"}],"version-history":[{"count":2,"href":"https:\/\/www.artso.org\/index.php\/wp-json\/wp\/v2\/posts\/113\/revisions"}],"predecessor-version":[{"id":895,"href":"https:\/\/www.artso.org\/index.php\/wp-json\/wp\/v2\/posts\/113\/revisions\/895"}],"wp:featuredmedia":[{"embeddable":true,"href":"https:\/\/www.artso.org\/index.php\/wp-json\/wp\/v2\/media\/132"}],"wp:attachment":[{"href":"https:\/\/www.artso.org\/index.php\/wp-json\/wp\/v2\/media?parent=113"}],"wp:term":[{"taxonomy":"category","embeddable":true,"href":"https:\/\/www.artso.org\/index.php\/wp-json\/wp\/v2\/categories?post=113"},{"taxonomy":"post_tag","embeddable":true,"href":"https:\/\/www.artso.org\/index.php\/wp-json\/wp\/v2\/tags?post=113"}],"curies":[{"name":"wp","href":"https:\/\/api.w.org\/{rel}","templated":true}]}}