{"id":1359,"date":"2022-04-23T15:00:59","date_gmt":"2022-04-23T13:00:59","guid":{"rendered":"http:\/\/artsook.cluster030.hosting.ovh.net\/?p=1359"},"modified":"2025-02-10T18:18:48","modified_gmt":"2025-02-10T17:18:48","slug":"fresque-expo-btoy-bagneux","status":"publish","type":"post","link":"https:\/\/www.artso.org\/index.php\/2022\/04\/23\/fresque-expo-btoy-bagneux\/","title":{"rendered":"Fresque &#038; Expo <br> BToy <br> Bagneux"},"content":{"rendered":"\n<p class=\"has-text-align-center has-larger-font-size\"><strong><strong>\u00ab\u00a0L&rsquo;esprit de r\u00e9sistance\u00a0\u00bb<\/strong><\/strong><\/p>\n\n\n\n<p class=\"has-text-align-center\">Exposition du 17 au 30 avril 2022  <br>Th\u00e9\u00e2tre Victor Hugo de Bagneux<br>Cette exposition est organis\u00e9e en \u00e9cho \u00e0 la r\u00e9alisation de la fresque situ\u00e9 au pignon de l&rsquo;immeuble 8, avenue Victor Hugo : une \u0153uvre de 500 m\u00b2 en hommage \u00e0 Lucie Aubrac.<\/p>\n\n\n\n<figure class=\"wp-block-gallery columns-1 is-cropped wp-block-gallery-1 is-layout-flex wp-block-gallery-is-layout-flex\"><ul class=\"blocks-gallery-grid\"><li class=\"blocks-gallery-item\"><figure><a href=\"http:\/\/artsook.cluster030.hosting.ovh.net\/wp-content\/uploads\/2022\/04\/AFFICHES-BTOY-Capture.jpg\" data-lbwps-width=\"809\" data-lbwps-height=\"991\" data-lbwps-srcsmall=\"http:\/\/artsook.cluster030.hosting.ovh.net\/wp-content\/uploads\/2022\/04\/AFFICHES-BTOY-Capture.jpg\"><img decoding=\"async\" width=\"809\" height=\"991\" data-src=\"http:\/\/artsook.cluster030.hosting.ovh.net\/wp-content\/uploads\/2022\/04\/AFFICHES-BTOY-Capture.jpg\" alt=\"\" data-id=\"1360\" data-link=\"http:\/\/artsook.cluster030.hosting.ovh.net\/?attachment_id=1360\" class=\"wp-image-1360 lazyload\" data-srcset=\"https:\/\/www.artso.org\/wp-content\/uploads\/2022\/04\/AFFICHES-BTOY-Capture.jpg 809w, https:\/\/www.artso.org\/wp-content\/uploads\/2022\/04\/AFFICHES-BTOY-Capture-245x300.jpg 245w, https:\/\/www.artso.org\/wp-content\/uploads\/2022\/04\/AFFICHES-BTOY-Capture-768x941.jpg 768w\" data-sizes=\"(max-width: 809px) 100vw, 809px\" src=\"data:image\/svg+xml;base64,PHN2ZyB3aWR0aD0iMSIgaGVpZ2h0PSIxIiB4bWxucz0iaHR0cDovL3d3dy53My5vcmcvMjAwMC9zdmciPjwvc3ZnPg==\" style=\"--smush-placeholder-width: 809px; --smush-placeholder-aspect-ratio: 809\/991;\" \/><\/a><\/figure><\/li><li class=\"blocks-gallery-item\"><figure><a href=\"http:\/\/artsook.cluster030.hosting.ovh.net\/wp-content\/uploads\/2022\/04\/Capture-Inauguration.jpg\" data-lbwps-width=\"823\" data-lbwps-height=\"1081\" data-lbwps-srcsmall=\"http:\/\/artsook.cluster030.hosting.ovh.net\/wp-content\/uploads\/2022\/04\/Capture-Inauguration.jpg\"><img decoding=\"async\" width=\"780\" height=\"1024\" data-src=\"http:\/\/artsook.cluster030.hosting.ovh.net\/wp-content\/uploads\/2022\/04\/Capture-Inauguration-780x1024.jpg\" alt=\"\" data-id=\"1361\" data-full-url=\"http:\/\/artsook.cluster030.hosting.ovh.net\/wp-content\/uploads\/2022\/04\/Capture-Inauguration.jpg\" data-link=\"http:\/\/artsook.cluster030.hosting.ovh.net\/?attachment_id=1361\" class=\"wp-image-1361 lazyload\" data-srcset=\"https:\/\/www.artso.org\/wp-content\/uploads\/2022\/04\/Capture-Inauguration-780x1024.jpg 780w, https:\/\/www.artso.org\/wp-content\/uploads\/2022\/04\/Capture-Inauguration-228x300.jpg 228w, https:\/\/www.artso.org\/wp-content\/uploads\/2022\/04\/Capture-Inauguration-768x1009.jpg 768w, https:\/\/www.artso.org\/wp-content\/uploads\/2022\/04\/Capture-Inauguration.jpg 823w\" data-sizes=\"(max-width: 780px) 100vw, 780px\" src=\"data:image\/svg+xml;base64,PHN2ZyB3aWR0aD0iMSIgaGVpZ2h0PSIxIiB4bWxucz0iaHR0cDovL3d3dy53My5vcmcvMjAwMC9zdmciPjwvc3ZnPg==\" style=\"--smush-placeholder-width: 780px; --smush-placeholder-aspect-ratio: 780\/1024;\" \/><\/a><\/figure><\/li><\/ul><\/figure>\n\n\n\n<hr class=\"wp-block-separator\"\/>\n\n\n\n<figure class=\"wp-block-image size-large\"><a href=\"https:\/\/www.bfmtv.com\/paris\/bagneux-inauguration-d-une-fresque-geante-en-hommage-a-la-resistante-lucie-aubrac_AV-202204190424.html\"><img decoding=\"async\" width=\"1024\" height=\"593\" data-src=\"http:\/\/artsook.cluster030.hosting.ovh.net\/wp-content\/uploads\/2022\/04\/BFM-TV-Capture-1-1024x593.jpg\" alt=\"\" class=\"wp-image-1363 lazyload\" data-srcset=\"https:\/\/www.artso.org\/wp-content\/uploads\/2022\/04\/BFM-TV-Capture-1-1024x593.jpg 1024w, https:\/\/www.artso.org\/wp-content\/uploads\/2022\/04\/BFM-TV-Capture-1-300x174.jpg 300w, https:\/\/www.artso.org\/wp-content\/uploads\/2022\/04\/BFM-TV-Capture-1-768x445.jpg 768w, https:\/\/www.artso.org\/wp-content\/uploads\/2022\/04\/BFM-TV-Capture-1-1200x695.jpg 1200w, https:\/\/www.artso.org\/wp-content\/uploads\/2022\/04\/BFM-TV-Capture-1.jpg 1222w\" data-sizes=\"(max-width: 1024px) 100vw, 1024px\" src=\"data:image\/svg+xml;base64,PHN2ZyB3aWR0aD0iMSIgaGVpZ2h0PSIxIiB4bWxucz0iaHR0cDovL3d3dy53My5vcmcvMjAwMC9zdmciPjwvc3ZnPg==\" style=\"--smush-placeholder-width: 1024px; --smush-placeholder-aspect-ratio: 1024\/593;\" \/><\/a><figcaption>La municipalit\u00e9 de Bagneux a souhait\u00e9 que le grand changement apport\u00e9 par l&rsquo;arriv\u00e9 du m\u00e9tro soit l\u2019occasion d\u2019installer des \u0153uvres d\u2019art dans la ville. La fresque g\u00e9ante en hommage \u00e0 la r\u00e9sistante Lucie Aubrac est inaugur\u00e9e ce mardi soir. \u00ab\u00a0R\u00e9sistez\u00a0\u00bb. C&rsquo;est le nom de la nouvelle oeuvre de l&rsquo;artiste espagnole Btoy, en hommage \u00e0 la r\u00e9sistante communiste Lucie Aubrac, morte en 2007. Finalis\u00e9e durant ce week-end prolong\u00e9, la fresque est inaugur\u00e9e officiellement ce mardi soir \u00e0 18h30, rue Victor-Hugo, \u00e0 Bagneux, dans les Hauts-de-Seine&#8230;<\/figcaption><\/figure>\n\n\n\n<hr class=\"wp-block-separator\"\/>\n\n\n\n<p><strong>\u00c0 propos de l\u2019artiste BTOY<\/strong><\/p>\n\n\n\n<p>Artiste du Street Art, BTOY (Andr\u00e9a Michaelsson),<br>a commenc\u00e9 \u00e0 ses premiers pochoirs dans les<br>ann\u00e9es 2000, sur les murs de Barcelone, sa ville<br>natale. Lorsqu\u2019elle d\u00e9bute dans la rue, elle suit<br>toujours des \u00e9tudes de photographies. Une<br>influence qui marque son travail dans les jeux de<br>couleurs, d&rsquo;ombres et de lumi\u00e8res. Dans le<br>milieu du street-art \u00e0 majorit\u00e9 masculine, elle se<br>fait rapidement remarquer par son style.<br>Les portraits de femmes de l&rsquo;artiste s&rsquo;affichent<br>d\u00e9sormais sur les murs des villes du monde entier<br>pour r\u00e9v\u00e9ler au grand jour, les visages de celles<br>qui ont chang\u00e9 ou marqu\u00e9 l&rsquo;histoire du f\u00e9minin.<br><br><a href=\"https:\/\/www.instagram.com\/btoyglitch\/\" target=\"_blank\" rel=\"noreferrer noopener\">https:\/\/www.instagram.com\/btoyglitch\/<\/a><\/p>\n\n\n\n<p><br><\/p>\n\n\n\n<hr class=\"wp-block-separator\"\/>\n","protected":false},"excerpt":{"rendered":"<p>\u00ab\u00a0L&rsquo;esprit de r\u00e9sistance\u00a0\u00bb Exposition du 17 au 30 avril 2022 Th\u00e9\u00e2tre Victor Hugo de BagneuxCette exposition est organis\u00e9e en \u00e9cho \u00e0 la r\u00e9alisation de la fresque situ\u00e9 au pignon de l&rsquo;immeuble 8, avenue Victor Hugo : une \u0153uvre de 500 m\u00b2 en hommage \u00e0 Lucie Aubrac. \u00c0 propos de l\u2019artiste BTOY Artiste du Street Art, [&hellip;]<\/p>\n","protected":false},"author":1,"featured_media":1361,"comment_status":"closed","ping_status":"closed","sticky":false,"template":"","format":"standard","meta":{"footnotes":""},"categories":[25,10],"tags":[],"class_list":["post-1359","post","type-post","status-publish","format-standard","has-post-thumbnail","hentry","category-projet","category-fresque","has-thumbnail"],"_links":{"self":[{"href":"https:\/\/www.artso.org\/index.php\/wp-json\/wp\/v2\/posts\/1359","targetHints":{"allow":["GET"]}}],"collection":[{"href":"https:\/\/www.artso.org\/index.php\/wp-json\/wp\/v2\/posts"}],"about":[{"href":"https:\/\/www.artso.org\/index.php\/wp-json\/wp\/v2\/types\/post"}],"author":[{"embeddable":true,"href":"https:\/\/www.artso.org\/index.php\/wp-json\/wp\/v2\/users\/1"}],"replies":[{"embeddable":true,"href":"https:\/\/www.artso.org\/index.php\/wp-json\/wp\/v2\/comments?post=1359"}],"version-history":[{"count":1,"href":"https:\/\/www.artso.org\/index.php\/wp-json\/wp\/v2\/posts\/1359\/revisions"}],"predecessor-version":[{"id":1364,"href":"https:\/\/www.artso.org\/index.php\/wp-json\/wp\/v2\/posts\/1359\/revisions\/1364"}],"wp:featuredmedia":[{"embeddable":true,"href":"https:\/\/www.artso.org\/index.php\/wp-json\/wp\/v2\/media\/1361"}],"wp:attachment":[{"href":"https:\/\/www.artso.org\/index.php\/wp-json\/wp\/v2\/media?parent=1359"}],"wp:term":[{"taxonomy":"category","embeddable":true,"href":"https:\/\/www.artso.org\/index.php\/wp-json\/wp\/v2\/categories?post=1359"},{"taxonomy":"post_tag","embeddable":true,"href":"https:\/\/www.artso.org\/index.php\/wp-json\/wp\/v2\/tags?post=1359"}],"curies":[{"name":"wp","href":"https:\/\/api.w.org\/{rel}","templated":true}]}}