{"id":1403,"date":"2022-08-02T19:42:43","date_gmt":"2022-08-02T17:42:43","guid":{"rendered":"http:\/\/artsook.cluster030.hosting.ovh.net\/?p=1403"},"modified":"2025-02-10T18:18:22","modified_gmt":"2025-02-10T17:18:22","slug":"expo-vente-lille-2022-solidart-8","status":"publish","type":"post","link":"https:\/\/www.artso.org\/index.php\/2022\/08\/02\/expo-vente-lille-2022-solidart-8\/","title":{"rendered":"Expo-vente \/ Lille 2022 <br><br>Solid\u2019Art #8"},"content":{"rendered":"\n<p class=\"has-text-align-center\">Les 24\/25\/26 juin 2022, plus de <strong>6 000 visiteurs<\/strong> ont d\u00e9couvert le travail des<strong> 120 artistes<\/strong> install\u00e9s dans l\u2019H\u00f4tel de Ville de Lille (2 500 m\u00b2 d\u2019exposition). <\/p>\n\n\n\n<p class=\"has-text-align-center\">Le street artiste Speedy Graphito \u00e9tait le parrain de cette huiti\u00e8me \u00e9dition lilloise.<\/p>\n\n\n\n<figure class=\"wp-block-embed-youtube wp-block-embed is-type-video is-provider-youtube wp-embed-aspect-16-9 wp-has-aspect-ratio\"><div class=\"wp-block-embed__wrapper\">\n<iframe title=\"Solid&#039;Art Lille 2022 - Clip\" width=\"560\" height=\"315\" data-src=\"https:\/\/www.youtube.com\/embed\/SZbsAoqkhV4?feature=oembed\" frameborder=\"0\" allow=\"accelerometer; autoplay; clipboard-write; encrypted-media; gyroscope; picture-in-picture; web-share\" referrerpolicy=\"strict-origin-when-cross-origin\" allowfullscreen src=\"data:image\/svg+xml;base64,PHN2ZyB3aWR0aD0iMSIgaGVpZ2h0PSIxIiB4bWxucz0iaHR0cDovL3d3dy53My5vcmcvMjAwMC9zdmciPjwvc3ZnPg==\" class=\"lazyload\" data-load-mode=\"1\"><\/iframe>\n<\/div><\/figure>\n\n\n\n<hr class=\"wp-block-separator\"\/>\n\n\n\n<p class=\"has-text-align-center\"><strong>3 500 \u00ab journ\u00e9es vacances \u00bb offertes !<\/strong><\/p>\n\n\n\n<p class=\"has-text-align-center\">Solid&rsquo;Art a permis au Secours populaire du Nord de collecter 175 000 \u20ac &nbsp;!<\/p>\n\n\n\n<p class=\"has-text-align-center\">L&rsquo;op\u00e9ration permettra au Secours populaire d\u2019offrir l\u2019\u00e9quivalent de 3 500 \u00ab journ\u00e9es vacances \u00bb aux enfants et familles accompagn\u00e9s par l\u2019association dans le cadre de la campagne \u00c9T\u00c9&nbsp;2022.<\/p>\n\n\n\n<figure class=\"wp-block-gallery alignwide columns-3 is-cropped wp-block-gallery-1 is-layout-flex wp-block-gallery-is-layout-flex\"><ul class=\"blocks-gallery-grid\"><li class=\"blocks-gallery-item\"><figure><a href=\"http:\/\/artsook.cluster030.hosting.ovh.net\/wp-content\/uploads\/2022\/08\/40x60-lille-2022-solidart-LOGO-Capture.jpg\" data-lbwps-width=\"809\" data-lbwps-height=\"1070\" data-lbwps-srcsmall=\"http:\/\/artsook.cluster030.hosting.ovh.net\/wp-content\/uploads\/2022\/08\/40x60-lille-2022-solidart-LOGO-Capture.jpg\"><img decoding=\"async\" width=\"774\" height=\"1024\" data-src=\"http:\/\/artsook.cluster030.hosting.ovh.net\/wp-content\/uploads\/2022\/08\/40x60-lille-2022-solidart-LOGO-Capture-774x1024.jpg\" alt=\"\" data-id=\"1405\" data-full-url=\"http:\/\/artsook.cluster030.hosting.ovh.net\/wp-content\/uploads\/2022\/08\/40x60-lille-2022-solidart-LOGO-Capture.jpg\" data-link=\"http:\/\/artsook.cluster030.hosting.ovh.net\/index.php\/2022\/08\/02\/expo-vente-lille-2022-solidart-8\/40x60-lille-2022-solidart-logo-capture\/\" class=\"wp-image-1405 lazyload\" data-srcset=\"https:\/\/www.artso.org\/wp-content\/uploads\/2022\/08\/40x60-lille-2022-solidart-LOGO-Capture-774x1024.jpg 774w, https:\/\/www.artso.org\/wp-content\/uploads\/2022\/08\/40x60-lille-2022-solidart-LOGO-Capture-227x300.jpg 227w, https:\/\/www.artso.org\/wp-content\/uploads\/2022\/08\/40x60-lille-2022-solidart-LOGO-Capture-768x1016.jpg 768w, https:\/\/www.artso.org\/wp-content\/uploads\/2022\/08\/40x60-lille-2022-solidart-LOGO-Capture.jpg 809w\" data-sizes=\"(max-width: 774px) 100vw, 774px\" src=\"data:image\/svg+xml;base64,PHN2ZyB3aWR0aD0iMSIgaGVpZ2h0PSIxIiB4bWxucz0iaHR0cDovL3d3dy53My5vcmcvMjAwMC9zdmciPjwvc3ZnPg==\" style=\"--smush-placeholder-width: 774px; --smush-placeholder-aspect-ratio: 774\/1024;\" \/><\/a><\/figure><\/li><li class=\"blocks-gallery-item\"><figure><a href=\"http:\/\/artsook.cluster030.hosting.ovh.net\/wp-content\/uploads\/2022\/08\/J9A0115-scaled.jpg\" data-lbwps-width=\"2560\" data-lbwps-height=\"1707\" data-lbwps-srcsmall=\"http:\/\/artsook.cluster030.hosting.ovh.net\/wp-content\/uploads\/2022\/08\/J9A0115-scaled.jpg\"><img decoding=\"async\" width=\"1024\" height=\"683\" data-src=\"http:\/\/artsook.cluster030.hosting.ovh.net\/wp-content\/uploads\/2022\/08\/J9A0115-1024x683.jpg\" alt=\"\" data-id=\"1406\" data-full-url=\"http:\/\/artsook.cluster030.hosting.ovh.net\/wp-content\/uploads\/2022\/08\/J9A0115-scaled.jpg\" data-link=\"http:\/\/artsook.cluster030.hosting.ovh.net\/index.php\/2022\/08\/02\/expo-vente-lille-2022-solidart-8\/solidart\/\" class=\"wp-image-1406 lazyload\" src=\"data:image\/svg+xml;base64,PHN2ZyB3aWR0aD0iMSIgaGVpZ2h0PSIxIiB4bWxucz0iaHR0cDovL3d3dy53My5vcmcvMjAwMC9zdmciPjwvc3ZnPg==\" style=\"--smush-placeholder-width: 1024px; --smush-placeholder-aspect-ratio: 1024\/683;\" \/><\/a><\/figure><\/li><li class=\"blocks-gallery-item\"><figure><a href=\"http:\/\/artsook.cluster030.hosting.ovh.net\/wp-content\/uploads\/2021\/07\/5C.jpg\" data-lbwps-width=\"1920\" data-lbwps-height=\"1080\" data-lbwps-srcsmall=\"http:\/\/artsook.cluster030.hosting.ovh.net\/wp-content\/uploads\/2021\/07\/5C.jpg\"><img decoding=\"async\" width=\"1024\" height=\"576\" data-src=\"http:\/\/artsook.cluster030.hosting.ovh.net\/wp-content\/uploads\/2021\/07\/5C-1024x576.jpg\" alt=\"\" data-id=\"1075\" data-full-url=\"http:\/\/artsook.cluster030.hosting.ovh.net\/wp-content\/uploads\/2021\/07\/5C.jpg\" data-link=\"http:\/\/artsook.cluster030.hosting.ovh.net\/index.php\/2021\/07\/04\/expo-vente-lille-2021-solidart-7\/5c\/\" class=\"wp-image-1075 lazyload\" src=\"data:image\/svg+xml;base64,PHN2ZyB3aWR0aD0iMSIgaGVpZ2h0PSIxIiB4bWxucz0iaHR0cDovL3d3dy53My5vcmcvMjAwMC9zdmciPjwvc3ZnPg==\" style=\"--smush-placeholder-width: 1024px; --smush-placeholder-aspect-ratio: 1024\/576;\" \/><\/a><figcaption class=\"blocks-gallery-item__caption\">Martine Aubry, Maire de Lille<\/figcaption><\/figure><\/li><li class=\"blocks-gallery-item\"><figure><a href=\"http:\/\/artsook.cluster030.hosting.ovh.net\/wp-content\/uploads\/2022\/08\/J9A0125-scaled.jpg\" data-lbwps-width=\"2560\" data-lbwps-height=\"1707\" data-lbwps-srcsmall=\"http:\/\/artsook.cluster030.hosting.ovh.net\/wp-content\/uploads\/2022\/08\/J9A0125-scaled.jpg\"><img decoding=\"async\" width=\"1024\" height=\"683\" data-src=\"http:\/\/artsook.cluster030.hosting.ovh.net\/wp-content\/uploads\/2022\/08\/J9A0125-1024x683.jpg\" alt=\"\" data-id=\"1423\" data-full-url=\"http:\/\/artsook.cluster030.hosting.ovh.net\/wp-content\/uploads\/2022\/08\/J9A0125-scaled.jpg\" data-link=\"http:\/\/artsook.cluster030.hosting.ovh.net\/index.php\/2022\/08\/02\/expo-vente-lille-2022-solidart-8\/solidart-18\/\" class=\"wp-image-1423 lazyload\" src=\"data:image\/svg+xml;base64,PHN2ZyB3aWR0aD0iMSIgaGVpZ2h0PSIxIiB4bWxucz0iaHR0cDovL3d3dy53My5vcmcvMjAwMC9zdmciPjwvc3ZnPg==\" style=\"--smush-placeholder-width: 1024px; --smush-placeholder-aspect-ratio: 1024\/683;\" \/><\/a><figcaption class=\"blocks-gallery-item__caption\">Exposition d&rsquo;artistes organis\u00e9 par le secours populaire<\/figcaption><\/figure><\/li><li class=\"blocks-gallery-item\"><figure><a href=\"http:\/\/artsook.cluster030.hosting.ovh.net\/wp-content\/uploads\/2022\/08\/J9A0184-scaled.jpg\" data-lbwps-width=\"2560\" data-lbwps-height=\"1707\" data-lbwps-srcsmall=\"http:\/\/artsook.cluster030.hosting.ovh.net\/wp-content\/uploads\/2022\/08\/J9A0184-scaled.jpg\"><img decoding=\"async\" width=\"1024\" height=\"683\" data-src=\"http:\/\/artsook.cluster030.hosting.ovh.net\/wp-content\/uploads\/2022\/08\/J9A0184-1024x683.jpg\" alt=\"\" data-id=\"1417\" data-full-url=\"http:\/\/artsook.cluster030.hosting.ovh.net\/wp-content\/uploads\/2022\/08\/J9A0184-scaled.jpg\" data-link=\"http:\/\/artsook.cluster030.hosting.ovh.net\/index.php\/2022\/08\/02\/expo-vente-lille-2022-solidart-8\/solidart-14\/\" class=\"wp-image-1417 lazyload\" src=\"data:image\/svg+xml;base64,PHN2ZyB3aWR0aD0iMSIgaGVpZ2h0PSIxIiB4bWxucz0iaHR0cDovL3d3dy53My5vcmcvMjAwMC9zdmciPjwvc3ZnPg==\" style=\"--smush-placeholder-width: 1024px; --smush-placeholder-aspect-ratio: 1024\/683;\" \/><\/a><\/figure><\/li><li class=\"blocks-gallery-item\"><figure><a href=\"http:\/\/artsook.cluster030.hosting.ovh.net\/wp-content\/uploads\/2022\/08\/J9A0117-scaled.jpg\" data-lbwps-width=\"2560\" data-lbwps-height=\"1707\" data-lbwps-srcsmall=\"http:\/\/artsook.cluster030.hosting.ovh.net\/wp-content\/uploads\/2022\/08\/J9A0117-scaled.jpg\"><img decoding=\"async\" width=\"1024\" height=\"683\" data-src=\"http:\/\/artsook.cluster030.hosting.ovh.net\/wp-content\/uploads\/2022\/08\/J9A0117-1024x683.jpg\" alt=\"\" data-id=\"1409\" data-full-url=\"http:\/\/artsook.cluster030.hosting.ovh.net\/wp-content\/uploads\/2022\/08\/J9A0117-scaled.jpg\" data-link=\"http:\/\/artsook.cluster030.hosting.ovh.net\/index.php\/2022\/08\/02\/expo-vente-lille-2022-solidart-8\/solidart-5\/\" class=\"wp-image-1409 lazyload\" src=\"data:image\/svg+xml;base64,PHN2ZyB3aWR0aD0iMSIgaGVpZ2h0PSIxIiB4bWxucz0iaHR0cDovL3d3dy53My5vcmcvMjAwMC9zdmciPjwvc3ZnPg==\" style=\"--smush-placeholder-width: 1024px; --smush-placeholder-aspect-ratio: 1024\/683;\" \/><\/a><\/figure><\/li><li class=\"blocks-gallery-item\"><figure><a href=\"http:\/\/artsook.cluster030.hosting.ovh.net\/wp-content\/uploads\/2022\/08\/J9A0059-scaled.jpg\" data-lbwps-width=\"2560\" data-lbwps-height=\"1707\" data-lbwps-srcsmall=\"http:\/\/artsook.cluster030.hosting.ovh.net\/wp-content\/uploads\/2022\/08\/J9A0059-scaled.jpg\"><img decoding=\"async\" width=\"1024\" height=\"683\" data-src=\"http:\/\/artsook.cluster030.hosting.ovh.net\/wp-content\/uploads\/2022\/08\/J9A0059-1024x683.jpg\" alt=\"\" data-id=\"1410\" data-full-url=\"http:\/\/artsook.cluster030.hosting.ovh.net\/wp-content\/uploads\/2022\/08\/J9A0059-scaled.jpg\" data-link=\"http:\/\/artsook.cluster030.hosting.ovh.net\/index.php\/2022\/08\/02\/expo-vente-lille-2022-solidart-8\/solidart-6\/\" class=\"wp-image-1410 lazyload\" src=\"data:image\/svg+xml;base64,PHN2ZyB3aWR0aD0iMSIgaGVpZ2h0PSIxIiB4bWxucz0iaHR0cDovL3d3dy53My5vcmcvMjAwMC9zdmciPjwvc3ZnPg==\" style=\"--smush-placeholder-width: 1024px; --smush-placeholder-aspect-ratio: 1024\/683;\" \/><\/a><\/figure><\/li><li class=\"blocks-gallery-item\"><figure><a href=\"http:\/\/artsook.cluster030.hosting.ovh.net\/wp-content\/uploads\/2022\/08\/J9A0206-scaled.jpg\" data-lbwps-width=\"2560\" data-lbwps-height=\"1707\" data-lbwps-srcsmall=\"http:\/\/artsook.cluster030.hosting.ovh.net\/wp-content\/uploads\/2022\/08\/J9A0206-scaled.jpg\"><img decoding=\"async\" width=\"1024\" height=\"683\" data-src=\"http:\/\/artsook.cluster030.hosting.ovh.net\/wp-content\/uploads\/2022\/08\/J9A0206-1024x683.jpg\" alt=\"\" data-id=\"1415\" data-full-url=\"http:\/\/artsook.cluster030.hosting.ovh.net\/wp-content\/uploads\/2022\/08\/J9A0206-scaled.jpg\" data-link=\"http:\/\/artsook.cluster030.hosting.ovh.net\/index.php\/2022\/08\/02\/expo-vente-lille-2022-solidart-8\/solidart-12\/\" class=\"wp-image-1415 lazyload\" src=\"data:image\/svg+xml;base64,PHN2ZyB3aWR0aD0iMSIgaGVpZ2h0PSIxIiB4bWxucz0iaHR0cDovL3d3dy53My5vcmcvMjAwMC9zdmciPjwvc3ZnPg==\" style=\"--smush-placeholder-width: 1024px; --smush-placeholder-aspect-ratio: 1024\/683;\" \/><\/a><\/figure><\/li><li class=\"blocks-gallery-item\"><figure><a href=\"http:\/\/artsook.cluster030.hosting.ovh.net\/wp-content\/uploads\/2022\/08\/J9A0119-2-scaled.jpg\" data-lbwps-width=\"2560\" data-lbwps-height=\"1707\" data-lbwps-srcsmall=\"http:\/\/artsook.cluster030.hosting.ovh.net\/wp-content\/uploads\/2022\/08\/J9A0119-2-scaled.jpg\"><img decoding=\"async\" width=\"1024\" height=\"683\" data-src=\"http:\/\/artsook.cluster030.hosting.ovh.net\/wp-content\/uploads\/2022\/08\/J9A0119-2-1024x683.jpg\" alt=\"\" data-id=\"1411\" data-full-url=\"http:\/\/artsook.cluster030.hosting.ovh.net\/wp-content\/uploads\/2022\/08\/J9A0119-2-scaled.jpg\" data-link=\"http:\/\/artsook.cluster030.hosting.ovh.net\/index.php\/2022\/08\/02\/expo-vente-lille-2022-solidart-8\/solidart-8\/\" class=\"wp-image-1411 lazyload\" src=\"data:image\/svg+xml;base64,PHN2ZyB3aWR0aD0iMSIgaGVpZ2h0PSIxIiB4bWxucz0iaHR0cDovL3d3dy53My5vcmcvMjAwMC9zdmciPjwvc3ZnPg==\" style=\"--smush-placeholder-width: 1024px; --smush-placeholder-aspect-ratio: 1024\/683;\" \/><\/a><\/figure><\/li><li class=\"blocks-gallery-item\"><figure><a href=\"http:\/\/artsook.cluster030.hosting.ovh.net\/wp-content\/uploads\/2021\/07\/6-scaled.jpg\" data-lbwps-width=\"2560\" data-lbwps-height=\"1707\" data-lbwps-srcsmall=\"http:\/\/artsook.cluster030.hosting.ovh.net\/wp-content\/uploads\/2021\/07\/6-scaled.jpg\"><img decoding=\"async\" width=\"1024\" height=\"683\" data-src=\"http:\/\/artsook.cluster030.hosting.ovh.net\/wp-content\/uploads\/2021\/07\/6-1024x683.jpg\" alt=\"\" data-id=\"1082\" data-full-url=\"http:\/\/artsook.cluster030.hosting.ovh.net\/wp-content\/uploads\/2021\/07\/6-scaled.jpg\" data-link=\"http:\/\/artsook.cluster030.hosting.ovh.net\/index.php\/2021\/07\/04\/expo-vente-lille-2021-solidart-7\/attachment\/6\/\" class=\"wp-image-1082 lazyload\" src=\"data:image\/svg+xml;base64,PHN2ZyB3aWR0aD0iMSIgaGVpZ2h0PSIxIiB4bWxucz0iaHR0cDovL3d3dy53My5vcmcvMjAwMC9zdmciPjwvc3ZnPg==\" style=\"--smush-placeholder-width: 1024px; --smush-placeholder-aspect-ratio: 1024\/683;\" \/><\/a><figcaption class=\"blocks-gallery-item__caption\">Les \u00e9ditions Anagraphis<\/figcaption><\/figure><\/li><li class=\"blocks-gallery-item\"><figure><a href=\"http:\/\/artsook.cluster030.hosting.ovh.net\/wp-content\/uploads\/2022\/08\/J9A0279-scaled.jpg\" data-lbwps-width=\"2560\" data-lbwps-height=\"1707\" data-lbwps-srcsmall=\"http:\/\/artsook.cluster030.hosting.ovh.net\/wp-content\/uploads\/2022\/08\/J9A0279-scaled.jpg\"><img decoding=\"async\" width=\"1024\" height=\"683\" data-src=\"http:\/\/artsook.cluster030.hosting.ovh.net\/wp-content\/uploads\/2022\/08\/J9A0279-1024x683.jpg\" alt=\"\" data-id=\"1418\" data-full-url=\"http:\/\/artsook.cluster030.hosting.ovh.net\/wp-content\/uploads\/2022\/08\/J9A0279-scaled.jpg\" data-link=\"http:\/\/artsook.cluster030.hosting.ovh.net\/index.php\/2022\/08\/02\/expo-vente-lille-2022-solidart-8\/solidart-15\/\" class=\"wp-image-1418 lazyload\" src=\"data:image\/svg+xml;base64,PHN2ZyB3aWR0aD0iMSIgaGVpZ2h0PSIxIiB4bWxucz0iaHR0cDovL3d3dy53My5vcmcvMjAwMC9zdmciPjwvc3ZnPg==\" style=\"--smush-placeholder-width: 1024px; --smush-placeholder-aspect-ratio: 1024\/683;\" \/><\/a><\/figure><\/li><li class=\"blocks-gallery-item\"><figure><a href=\"http:\/\/artsook.cluster030.hosting.ovh.net\/wp-content\/uploads\/2022\/08\/J9A0154-scaled.jpg\" data-lbwps-width=\"2560\" data-lbwps-height=\"1707\" data-lbwps-srcsmall=\"http:\/\/artsook.cluster030.hosting.ovh.net\/wp-content\/uploads\/2022\/08\/J9A0154-scaled.jpg\"><img decoding=\"async\" width=\"1024\" height=\"683\" data-src=\"http:\/\/artsook.cluster030.hosting.ovh.net\/wp-content\/uploads\/2022\/08\/J9A0154-1024x683.jpg\" alt=\"\" data-id=\"1413\" data-full-url=\"http:\/\/artsook.cluster030.hosting.ovh.net\/wp-content\/uploads\/2022\/08\/J9A0154-scaled.jpg\" data-link=\"http:\/\/artsook.cluster030.hosting.ovh.net\/index.php\/2022\/08\/02\/expo-vente-lille-2022-solidart-8\/solidart-10\/\" class=\"wp-image-1413 lazyload\" src=\"data:image\/svg+xml;base64,PHN2ZyB3aWR0aD0iMSIgaGVpZ2h0PSIxIiB4bWxucz0iaHR0cDovL3d3dy53My5vcmcvMjAwMC9zdmciPjwvc3ZnPg==\" style=\"--smush-placeholder-width: 1024px; --smush-placeholder-aspect-ratio: 1024\/683;\" \/><\/a><\/figure><\/li><li class=\"blocks-gallery-item\"><figure><a href=\"http:\/\/artsook.cluster030.hosting.ovh.net\/wp-content\/uploads\/2022\/08\/J9A0205-1-scaled.jpg\" data-lbwps-width=\"2560\" data-lbwps-height=\"1707\" data-lbwps-srcsmall=\"http:\/\/artsook.cluster030.hosting.ovh.net\/wp-content\/uploads\/2022\/08\/J9A0205-1-scaled.jpg\"><img decoding=\"async\" width=\"1024\" height=\"683\" data-src=\"http:\/\/artsook.cluster030.hosting.ovh.net\/wp-content\/uploads\/2022\/08\/J9A0205-1-1024x683.jpg\" alt=\"\" data-id=\"1420\" data-full-url=\"http:\/\/artsook.cluster030.hosting.ovh.net\/wp-content\/uploads\/2022\/08\/J9A0205-1-scaled.jpg\" data-link=\"http:\/\/artsook.cluster030.hosting.ovh.net\/index.php\/2022\/08\/02\/expo-vente-lille-2022-solidart-8\/solidart-16\/\" class=\"wp-image-1420 lazyload\" src=\"data:image\/svg+xml;base64,PHN2ZyB3aWR0aD0iMSIgaGVpZ2h0PSIxIiB4bWxucz0iaHR0cDovL3d3dy53My5vcmcvMjAwMC9zdmciPjwvc3ZnPg==\" style=\"--smush-placeholder-width: 1024px; --smush-placeholder-aspect-ratio: 1024\/683;\" \/><\/a><\/figure><\/li><li class=\"blocks-gallery-item\"><figure><a href=\"http:\/\/artsook.cluster030.hosting.ovh.net\/wp-content\/uploads\/2022\/08\/J9A0086-scaled.jpg\" data-lbwps-width=\"2560\" data-lbwps-height=\"1707\" data-lbwps-srcsmall=\"http:\/\/artsook.cluster030.hosting.ovh.net\/wp-content\/uploads\/2022\/08\/J9A0086-scaled.jpg\"><img decoding=\"async\" width=\"1024\" height=\"683\" data-src=\"http:\/\/artsook.cluster030.hosting.ovh.net\/wp-content\/uploads\/2022\/08\/J9A0086-1024x683.jpg\" alt=\"\" data-id=\"1408\" data-full-url=\"http:\/\/artsook.cluster030.hosting.ovh.net\/wp-content\/uploads\/2022\/08\/J9A0086-scaled.jpg\" data-link=\"http:\/\/artsook.cluster030.hosting.ovh.net\/index.php\/2022\/08\/02\/expo-vente-lille-2022-solidart-8\/solidart-3\/\" class=\"wp-image-1408 lazyload\" src=\"data:image\/svg+xml;base64,PHN2ZyB3aWR0aD0iMSIgaGVpZ2h0PSIxIiB4bWxucz0iaHR0cDovL3d3dy53My5vcmcvMjAwMC9zdmciPjwvc3ZnPg==\" style=\"--smush-placeholder-width: 1024px; --smush-placeholder-aspect-ratio: 1024\/683;\" \/><\/a><\/figure><\/li><\/ul><\/figure>\n\n\n\n<hr class=\"wp-block-separator\"\/>\n\n\n\n<p class=\"has-text-align-center has-larger-font-size\"><strong>LES VACANCES C&rsquo;EST PAS DU LUXE&nbsp;!<\/strong><\/p>\n\n\n\n<div class=\"wp-block-media-text alignwide is-stacked-on-mobile\"><figure class=\"wp-block-media-text__media\"><img decoding=\"async\" width=\"310\" height=\"190\" data-src=\"http:\/\/artsook.cluster030.hosting.ovh.net\/wp-content\/uploads\/2021\/01\/310x190_jean-louis-callens-secretaire-general-secours-populaire-nord.jpg\" alt=\"\" class=\"wp-image-595 lazyload\" data-srcset=\"https:\/\/www.artso.org\/wp-content\/uploads\/2021\/01\/310x190_jean-louis-callens-secretaire-general-secours-populaire-nord.jpg 310w, https:\/\/www.artso.org\/wp-content\/uploads\/2021\/01\/310x190_jean-louis-callens-secretaire-general-secours-populaire-nord-300x184.jpg 300w\" data-sizes=\"(max-width: 310px) 100vw, 310px\" src=\"data:image\/svg+xml;base64,PHN2ZyB3aWR0aD0iMSIgaGVpZ2h0PSIxIiB4bWxucz0iaHR0cDovL3d3dy53My5vcmcvMjAwMC9zdmciPjwvc3ZnPg==\" style=\"--smush-placeholder-width: 310px; --smush-placeholder-aspect-ratio: 310\/190;\" \/><\/figure><div class=\"wp-block-media-text__content\">\n<p class=\"has-regular-font-size\">\u00ab <em>Je suis tr\u00e8s heureux que ce rendez-vous annuel de l\u2019art et la solidarit\u00e9 ait pu se tenir malgr\u00e9 les contraintes sanitaires. <\/em>&nbsp;Gr\u00e2ce \u00e0 la g\u00e9n\u00e9rosit\u00e9 du public, 3 800 enfants de familles accompagn\u00e9es par la f\u00e9d\u00e9ration du Nord du Secours populaire fran\u00e7ais pourront ainsi profiter d\u2019une journ\u00e9e de loisirs cet \u00e9t\u00e9. MERCI !&nbsp;\u00bb <\/p>\n\n\n\n<p class=\"has-regular-font-size\"><strong>Jean-Louis Callens<\/strong>, secr\u00e9taire g\u00e9n\u00e9ral du Secours Populaire Nord.<\/p>\n<\/div><\/div>\n\n\n\n<hr class=\"wp-block-separator\"\/>\n\n\n\n<p class=\"has-text-align-center\"><strong>PARTENAIRES<\/strong><\/p>\n\n\n\n<figure class=\"wp-block-image size-large\"><img decoding=\"async\" width=\"724\" height=\"1024\" data-src=\"http:\/\/artsook.cluster030.hosting.ovh.net\/wp-content\/uploads\/2022\/08\/partenaires-03-724x1024.jpg\" alt=\"\" class=\"wp-image-1404 lazyload\" data-srcset=\"https:\/\/www.artso.org\/wp-content\/uploads\/2022\/08\/partenaires-03-724x1024.jpg 724w, https:\/\/www.artso.org\/wp-content\/uploads\/2022\/08\/partenaires-03-212x300.jpg 212w, https:\/\/www.artso.org\/wp-content\/uploads\/2022\/08\/partenaires-03-768x1086.jpg 768w, https:\/\/www.artso.org\/wp-content\/uploads\/2022\/08\/partenaires-03-1086x1536.jpg 1086w, https:\/\/www.artso.org\/wp-content\/uploads\/2022\/08\/partenaires-03-1448x2048.jpg 1448w, https:\/\/www.artso.org\/wp-content\/uploads\/2022\/08\/partenaires-03-1200x1697.jpg 1200w, https:\/\/www.artso.org\/wp-content\/uploads\/2022\/08\/partenaires-03-1860x2631.jpg 1860w, https:\/\/www.artso.org\/wp-content\/uploads\/2022\/08\/partenaires-03-scaled.jpg 1810w\" data-sizes=\"(max-width: 724px) 100vw, 724px\" src=\"data:image\/svg+xml;base64,PHN2ZyB3aWR0aD0iMSIgaGVpZ2h0PSIxIiB4bWxucz0iaHR0cDovL3d3dy53My5vcmcvMjAwMC9zdmciPjwvc3ZnPg==\" style=\"--smush-placeholder-width: 724px; --smush-placeholder-aspect-ratio: 724\/1024;\" \/><\/figure>\n\n\n\n<hr class=\"wp-block-separator\"\/>\n","protected":false},"excerpt":{"rendered":"<p>Les 24\/25\/26 juin 2022, plus de 6 000 visiteurs ont d\u00e9couvert le travail des 120 artistes install\u00e9s dans l\u2019H\u00f4tel de Ville de Lille (2 500 m\u00b2 d\u2019exposition). Le street artiste Speedy Graphito \u00e9tait le parrain de cette huiti\u00e8me \u00e9dition lilloise. 3 500 \u00ab journ\u00e9es vacances \u00bb offertes ! Solid&rsquo;Art a permis au Secours populaire du [&hellip;]<\/p>\n","protected":false},"author":1,"featured_media":1405,"comment_status":"closed","ping_status":"closed","sticky":false,"template":"","format":"standard","meta":{"footnotes":""},"categories":[12,9],"tags":[],"class_list":["post-1403","post","type-post","status-publish","format-standard","has-post-thumbnail","hentry","category-secours-populaire","category-solidart","has-thumbnail"],"_links":{"self":[{"href":"https:\/\/www.artso.org\/index.php\/wp-json\/wp\/v2\/posts\/1403","targetHints":{"allow":["GET"]}}],"collection":[{"href":"https:\/\/www.artso.org\/index.php\/wp-json\/wp\/v2\/posts"}],"about":[{"href":"https:\/\/www.artso.org\/index.php\/wp-json\/wp\/v2\/types\/post"}],"author":[{"embeddable":true,"href":"https:\/\/www.artso.org\/index.php\/wp-json\/wp\/v2\/users\/1"}],"replies":[{"embeddable":true,"href":"https:\/\/www.artso.org\/index.php\/wp-json\/wp\/v2\/comments?post=1403"}],"version-history":[{"count":3,"href":"https:\/\/www.artso.org\/index.php\/wp-json\/wp\/v2\/posts\/1403\/revisions"}],"predecessor-version":[{"id":2930,"href":"https:\/\/www.artso.org\/index.php\/wp-json\/wp\/v2\/posts\/1403\/revisions\/2930"}],"wp:featuredmedia":[{"embeddable":true,"href":"https:\/\/www.artso.org\/index.php\/wp-json\/wp\/v2\/media\/1405"}],"wp:attachment":[{"href":"https:\/\/www.artso.org\/index.php\/wp-json\/wp\/v2\/media?parent=1403"}],"wp:term":[{"taxonomy":"category","embeddable":true,"href":"https:\/\/www.artso.org\/index.php\/wp-json\/wp\/v2\/categories?post=1403"},{"taxonomy":"post_tag","embeddable":true,"href":"https:\/\/www.artso.org\/index.php\/wp-json\/wp\/v2\/tags?post=1403"}],"curies":[{"name":"wp","href":"https:\/\/api.w.org\/{rel}","templated":true}]}}