{"id":189,"date":"2020-12-12T18:46:18","date_gmt":"2020-12-12T17:46:18","guid":{"rendered":"http:\/\/artsook.cluster030.hosting.ovh.net\/?p=189"},"modified":"2021-12-20T11:48:49","modified_gmt":"2021-12-20T10:48:49","slug":"diner-vente-aux-encheres-2019-une-nuit-a-lopera","status":"publish","type":"post","link":"https:\/\/www.artso.org\/index.php\/2020\/12\/12\/diner-vente-aux-encheres-2019-une-nuit-a-lopera\/","title":{"rendered":"Ench\u00e8res Solidaires \/ Lille 2019 <\/br> <\/br> \u00ab Une Nuit \u00e0 l\u2019Op\u00e9ra \u00bb # 5"},"content":{"rendered":"\n<p class=\"has-text-align-center\"><strong>200 donateurs<\/strong>&nbsp;\u00e9taient pr\u00e9sents \u00e0 l&rsquo;Op\u00e9ra de Lille pour passer une&nbsp;soir\u00e9e sous le signe de l\u2019art et de la solidarit\u00e9 pour soutenir la campagne des&nbsp;<strong>P\u00e8res No\u00ebl Verts<\/strong>&nbsp;du&nbsp;<strong>Secours populaire du Nord<\/strong>.<br>Lors du d\u00eener concoct\u00e9 par la&nbsp;<strong>Maison M\u00e9ert<\/strong>, Ma\u00eetre May, de l\u2019\u00e9tude&nbsp;<strong>May &amp; Associ\u00e9s,<\/strong>&nbsp;a anim\u00e9 la vente aux ench\u00e8res solidaire.<br>Cette op\u00e9ration, qui ne pourrait exister sans le soutien des artistes et des m\u00e9c\u00e8nes, a permis de recueillir 80 000 \u20ac, soit l\u2019\u00e9quivalent de&nbsp;<strong>1 600 colis de No\u00ebl<\/strong>&nbsp;pour les familles aid\u00e9es par l\u2019association dans le Nord.<\/p>\n\n\n\n<hr class=\"wp-block-separator\"\/>\n\n\n\n<figure class=\"wp-block-gallery alignwide columns-3 is-cropped wp-block-gallery-1 is-layout-flex wp-block-gallery-is-layout-flex\"><ul class=\"blocks-gallery-grid\"><li class=\"blocks-gallery-item\"><figure><a href=\"http:\/\/artsook.cluster030.hosting.ovh.net\/wp-content\/uploads\/2021\/01\/Affiche-1-nuit-a-lope\u0301ra-2019.jpg\"><img decoding=\"async\" width=\"723\" height=\"1024\" data-src=\"http:\/\/artsook.cluster030.hosting.ovh.net\/wp-content\/uploads\/2021\/01\/Affiche-1-nuit-a-lope\u0301ra-2019-723x1024.jpg\" alt=\"\" data-id=\"608\" data-full-url=\"http:\/\/artsook.cluster030.hosting.ovh.net\/wp-content\/uploads\/2021\/01\/Affiche-1-nuit-a-lope\u0301ra-2019.jpg\" data-link=\"http:\/\/artsook.cluster030.hosting.ovh.net\/index.php\/2020\/12\/12\/diner-vente-aux-encheres-2019-une-nuit-a-lopera\/affiche-1-nuit-a-lopera-2019\/\" class=\"wp-image-608 lazyload\" data-srcset=\"https:\/\/www.artso.org\/wp-content\/uploads\/2021\/01\/Affiche-1-nuit-a-lope\u0301ra-2019-723x1024.jpg 723w, https:\/\/www.artso.org\/wp-content\/uploads\/2021\/01\/Affiche-1-nuit-a-lope\u0301ra-2019-212x300.jpg 212w, https:\/\/www.artso.org\/wp-content\/uploads\/2021\/01\/Affiche-1-nuit-a-lope\u0301ra-2019-768x1088.jpg 768w, https:\/\/www.artso.org\/wp-content\/uploads\/2021\/01\/Affiche-1-nuit-a-lope\u0301ra-2019-1084x1536.jpg 1084w, https:\/\/www.artso.org\/wp-content\/uploads\/2021\/01\/Affiche-1-nuit-a-lope\u0301ra-2019-1200x1700.jpg 1200w, https:\/\/www.artso.org\/wp-content\/uploads\/2021\/01\/Affiche-1-nuit-a-lope\u0301ra-2019.jpg 1255w\" data-sizes=\"(max-width: 723px) 100vw, 723px\" src=\"data:image\/svg+xml;base64,PHN2ZyB3aWR0aD0iMSIgaGVpZ2h0PSIxIiB4bWxucz0iaHR0cDovL3d3dy53My5vcmcvMjAwMC9zdmciPjwvc3ZnPg==\" style=\"--smush-placeholder-width: 723px; --smush-placeholder-aspect-ratio: 723\/1024;\" \/><\/a><\/figure><\/li><li class=\"blocks-gallery-item\"><figure><a href=\"http:\/\/artsook.cluster030.hosting.ovh.net\/wp-content\/uploads\/2021\/01\/OPERA-LILLE-secours-populaire-by-B-EVENTS-@christophe_candellier-058-scaled.jpg\" data-lbwps-width=\"2560\" data-lbwps-height=\"1707\" data-lbwps-srcsmall=\"http:\/\/artsook.cluster030.hosting.ovh.net\/wp-content\/uploads\/2021\/01\/OPERA-LILLE-secours-populaire-by-B-EVENTS-@christophe_candellier-058-scaled.jpg\"><img decoding=\"async\" width=\"1024\" height=\"683\" data-src=\"http:\/\/artsook.cluster030.hosting.ovh.net\/wp-content\/uploads\/2021\/01\/OPERA-LILLE-secours-populaire-by-B-EVENTS-@christophe_candellier-058-1024x683.jpg\" alt=\"\" data-id=\"610\" data-full-url=\"http:\/\/artsook.cluster030.hosting.ovh.net\/wp-content\/uploads\/2021\/01\/OPERA-LILLE-secours-populaire-by-B-EVENTS-@christophe_candellier-058-scaled.jpg\" data-link=\"http:\/\/artsook.cluster030.hosting.ovh.net\/index.php\/2020\/12\/12\/diner-vente-aux-encheres-2019-une-nuit-a-lopera\/opera-lille-secours-populaire-by-b-events-christophe_candellier-058\/\" class=\"wp-image-610 lazyload\" data-srcset=\"https:\/\/www.artso.org\/wp-content\/uploads\/2021\/01\/OPERA-LILLE-secours-populaire-by-B-EVENTS-@christophe_candellier-058-1024x683.jpg 1024w, https:\/\/www.artso.org\/wp-content\/uploads\/2021\/01\/OPERA-LILLE-secours-populaire-by-B-EVENTS-@christophe_candellier-058-300x200.jpg 300w, https:\/\/www.artso.org\/wp-content\/uploads\/2021\/01\/OPERA-LILLE-secours-populaire-by-B-EVENTS-@christophe_candellier-058-768x512.jpg 768w, https:\/\/www.artso.org\/wp-content\/uploads\/2021\/01\/OPERA-LILLE-secours-populaire-by-B-EVENTS-@christophe_candellier-058-1536x1024.jpg 1536w, https:\/\/www.artso.org\/wp-content\/uploads\/2021\/01\/OPERA-LILLE-secours-populaire-by-B-EVENTS-@christophe_candellier-058-2048x1365.jpg 2048w, https:\/\/www.artso.org\/wp-content\/uploads\/2021\/01\/OPERA-LILLE-secours-populaire-by-B-EVENTS-@christophe_candellier-058-1200x800.jpg 1200w, https:\/\/www.artso.org\/wp-content\/uploads\/2021\/01\/OPERA-LILLE-secours-populaire-by-B-EVENTS-@christophe_candellier-058-1860x1240.jpg 1860w\" data-sizes=\"(max-width: 1024px) 100vw, 1024px\" src=\"data:image\/svg+xml;base64,PHN2ZyB3aWR0aD0iMSIgaGVpZ2h0PSIxIiB4bWxucz0iaHR0cDovL3d3dy53My5vcmcvMjAwMC9zdmciPjwvc3ZnPg==\" style=\"--smush-placeholder-width: 1024px; --smush-placeholder-aspect-ratio: 1024\/683;\" \/><\/a><\/figure><\/li><li class=\"blocks-gallery-item\"><figure><a href=\"http:\/\/artsook.cluster030.hosting.ovh.net\/wp-content\/uploads\/2021\/01\/OPERA-LILLE-secours-populaire-by-B-EVENTS-@christophe_candellier-250-scaled.jpg\" data-lbwps-width=\"2560\" data-lbwps-height=\"1707\" data-lbwps-srcsmall=\"http:\/\/artsook.cluster030.hosting.ovh.net\/wp-content\/uploads\/2021\/01\/OPERA-LILLE-secours-populaire-by-B-EVENTS-@christophe_candellier-250-scaled.jpg\"><img decoding=\"async\" width=\"1024\" height=\"683\" data-src=\"http:\/\/artsook.cluster030.hosting.ovh.net\/wp-content\/uploads\/2021\/01\/OPERA-LILLE-secours-populaire-by-B-EVENTS-@christophe_candellier-250-1024x683.jpg\" alt=\"\" data-id=\"611\" data-full-url=\"http:\/\/artsook.cluster030.hosting.ovh.net\/wp-content\/uploads\/2021\/01\/OPERA-LILLE-secours-populaire-by-B-EVENTS-@christophe_candellier-250-scaled.jpg\" data-link=\"http:\/\/artsook.cluster030.hosting.ovh.net\/index.php\/2020\/12\/12\/diner-vente-aux-encheres-2019-une-nuit-a-lopera\/opera-lille-secours-populaire-by-b-events-christophe_candellier-250\/\" class=\"wp-image-611 lazyload\" data-srcset=\"https:\/\/www.artso.org\/wp-content\/uploads\/2021\/01\/OPERA-LILLE-secours-populaire-by-B-EVENTS-@christophe_candellier-250-1024x683.jpg 1024w, https:\/\/www.artso.org\/wp-content\/uploads\/2021\/01\/OPERA-LILLE-secours-populaire-by-B-EVENTS-@christophe_candellier-250-300x200.jpg 300w, https:\/\/www.artso.org\/wp-content\/uploads\/2021\/01\/OPERA-LILLE-secours-populaire-by-B-EVENTS-@christophe_candellier-250-768x512.jpg 768w, https:\/\/www.artso.org\/wp-content\/uploads\/2021\/01\/OPERA-LILLE-secours-populaire-by-B-EVENTS-@christophe_candellier-250-1536x1024.jpg 1536w, https:\/\/www.artso.org\/wp-content\/uploads\/2021\/01\/OPERA-LILLE-secours-populaire-by-B-EVENTS-@christophe_candellier-250-2048x1365.jpg 2048w, https:\/\/www.artso.org\/wp-content\/uploads\/2021\/01\/OPERA-LILLE-secours-populaire-by-B-EVENTS-@christophe_candellier-250-1200x800.jpg 1200w, https:\/\/www.artso.org\/wp-content\/uploads\/2021\/01\/OPERA-LILLE-secours-populaire-by-B-EVENTS-@christophe_candellier-250-1860x1240.jpg 1860w\" data-sizes=\"(max-width: 1024px) 100vw, 1024px\" src=\"data:image\/svg+xml;base64,PHN2ZyB3aWR0aD0iMSIgaGVpZ2h0PSIxIiB4bWxucz0iaHR0cDovL3d3dy53My5vcmcvMjAwMC9zdmciPjwvc3ZnPg==\" style=\"--smush-placeholder-width: 1024px; --smush-placeholder-aspect-ratio: 1024\/683;\" \/><\/a><\/figure><\/li><li class=\"blocks-gallery-item\"><figure><a href=\"http:\/\/artsook.cluster030.hosting.ovh.net\/wp-content\/uploads\/2021\/01\/Capture.jpg\" data-lbwps-width=\"659\" data-lbwps-height=\"779\" data-lbwps-srcsmall=\"http:\/\/artsook.cluster030.hosting.ovh.net\/wp-content\/uploads\/2021\/01\/Capture.jpg\"><img decoding=\"async\" width=\"659\" height=\"779\" data-src=\"http:\/\/artsook.cluster030.hosting.ovh.net\/wp-content\/uploads\/2021\/01\/Capture.jpg\" alt=\"\" data-id=\"609\" data-full-url=\"http:\/\/artsook.cluster030.hosting.ovh.net\/wp-content\/uploads\/2021\/01\/Capture.jpg\" data-link=\"http:\/\/artsook.cluster030.hosting.ovh.net\/index.php\/2020\/12\/12\/diner-vente-aux-encheres-2019-une-nuit-a-lopera\/capture-7\/\" class=\"wp-image-609 lazyload\" data-srcset=\"https:\/\/www.artso.org\/wp-content\/uploads\/2021\/01\/Capture.jpg 659w, https:\/\/www.artso.org\/wp-content\/uploads\/2021\/01\/Capture-254x300.jpg 254w\" data-sizes=\"(max-width: 659px) 100vw, 659px\" src=\"data:image\/svg+xml;base64,PHN2ZyB3aWR0aD0iMSIgaGVpZ2h0PSIxIiB4bWxucz0iaHR0cDovL3d3dy53My5vcmcvMjAwMC9zdmciPjwvc3ZnPg==\" style=\"--smush-placeholder-width: 659px; --smush-placeholder-aspect-ratio: 659\/779;\" \/><\/a><\/figure><\/li><li class=\"blocks-gallery-item\"><figure><a href=\"http:\/\/artsook.cluster030.hosting.ovh.net\/wp-content\/uploads\/2021\/01\/OPERA-LILLE-secours-populaire-by-B-EVENTS-@christophe_candellier-349-scaled.jpg\" data-lbwps-width=\"2560\" data-lbwps-height=\"1707\" data-lbwps-srcsmall=\"http:\/\/artsook.cluster030.hosting.ovh.net\/wp-content\/uploads\/2021\/01\/OPERA-LILLE-secours-populaire-by-B-EVENTS-@christophe_candellier-349-scaled.jpg\"><img decoding=\"async\" width=\"1024\" height=\"683\" data-src=\"http:\/\/artsook.cluster030.hosting.ovh.net\/wp-content\/uploads\/2021\/01\/OPERA-LILLE-secours-populaire-by-B-EVENTS-@christophe_candellier-349-1024x683.jpg\" alt=\"\" data-id=\"612\" data-full-url=\"http:\/\/artsook.cluster030.hosting.ovh.net\/wp-content\/uploads\/2021\/01\/OPERA-LILLE-secours-populaire-by-B-EVENTS-@christophe_candellier-349-scaled.jpg\" data-link=\"http:\/\/artsook.cluster030.hosting.ovh.net\/index.php\/2020\/12\/12\/diner-vente-aux-encheres-2019-une-nuit-a-lopera\/opera-lille-secours-populaire-by-b-events-christophe_candellier-349\/\" class=\"wp-image-612 lazyload\" data-srcset=\"https:\/\/www.artso.org\/wp-content\/uploads\/2021\/01\/OPERA-LILLE-secours-populaire-by-B-EVENTS-@christophe_candellier-349-1024x683.jpg 1024w, https:\/\/www.artso.org\/wp-content\/uploads\/2021\/01\/OPERA-LILLE-secours-populaire-by-B-EVENTS-@christophe_candellier-349-300x200.jpg 300w, https:\/\/www.artso.org\/wp-content\/uploads\/2021\/01\/OPERA-LILLE-secours-populaire-by-B-EVENTS-@christophe_candellier-349-768x512.jpg 768w, https:\/\/www.artso.org\/wp-content\/uploads\/2021\/01\/OPERA-LILLE-secours-populaire-by-B-EVENTS-@christophe_candellier-349-1536x1024.jpg 1536w, https:\/\/www.artso.org\/wp-content\/uploads\/2021\/01\/OPERA-LILLE-secours-populaire-by-B-EVENTS-@christophe_candellier-349-2048x1365.jpg 2048w, https:\/\/www.artso.org\/wp-content\/uploads\/2021\/01\/OPERA-LILLE-secours-populaire-by-B-EVENTS-@christophe_candellier-349-1200x800.jpg 1200w, https:\/\/www.artso.org\/wp-content\/uploads\/2021\/01\/OPERA-LILLE-secours-populaire-by-B-EVENTS-@christophe_candellier-349-1860x1240.jpg 1860w\" data-sizes=\"(max-width: 1024px) 100vw, 1024px\" src=\"data:image\/svg+xml;base64,PHN2ZyB3aWR0aD0iMSIgaGVpZ2h0PSIxIiB4bWxucz0iaHR0cDovL3d3dy53My5vcmcvMjAwMC9zdmciPjwvc3ZnPg==\" style=\"--smush-placeholder-width: 1024px; --smush-placeholder-aspect-ratio: 1024\/683;\" \/><\/a><\/figure><\/li><li class=\"blocks-gallery-item\"><figure><a href=\"http:\/\/artsook.cluster030.hosting.ovh.net\/wp-content\/uploads\/2021\/01\/OPERA-LILLE-secours-populaire-by-B-EVENTS-@christophe_candellier-363-scaled.jpg\" data-lbwps-width=\"2560\" data-lbwps-height=\"1707\" data-lbwps-srcsmall=\"http:\/\/artsook.cluster030.hosting.ovh.net\/wp-content\/uploads\/2021\/01\/OPERA-LILLE-secours-populaire-by-B-EVENTS-@christophe_candellier-363-scaled.jpg\"><img decoding=\"async\" width=\"1024\" height=\"683\" data-src=\"http:\/\/artsook.cluster030.hosting.ovh.net\/wp-content\/uploads\/2021\/01\/OPERA-LILLE-secours-populaire-by-B-EVENTS-@christophe_candellier-363-1024x683.jpg\" alt=\"\" data-id=\"613\" data-full-url=\"http:\/\/artsook.cluster030.hosting.ovh.net\/wp-content\/uploads\/2021\/01\/OPERA-LILLE-secours-populaire-by-B-EVENTS-@christophe_candellier-363-scaled.jpg\" data-link=\"http:\/\/artsook.cluster030.hosting.ovh.net\/index.php\/2020\/12\/12\/diner-vente-aux-encheres-2019-une-nuit-a-lopera\/opera-lille-secours-populaire-by-b-events-christophe_candellier-363\/\" class=\"wp-image-613 lazyload\" data-srcset=\"https:\/\/www.artso.org\/wp-content\/uploads\/2021\/01\/OPERA-LILLE-secours-populaire-by-B-EVENTS-@christophe_candellier-363-1024x683.jpg 1024w, https:\/\/www.artso.org\/wp-content\/uploads\/2021\/01\/OPERA-LILLE-secours-populaire-by-B-EVENTS-@christophe_candellier-363-300x200.jpg 300w, https:\/\/www.artso.org\/wp-content\/uploads\/2021\/01\/OPERA-LILLE-secours-populaire-by-B-EVENTS-@christophe_candellier-363-768x512.jpg 768w, https:\/\/www.artso.org\/wp-content\/uploads\/2021\/01\/OPERA-LILLE-secours-populaire-by-B-EVENTS-@christophe_candellier-363-1536x1024.jpg 1536w, https:\/\/www.artso.org\/wp-content\/uploads\/2021\/01\/OPERA-LILLE-secours-populaire-by-B-EVENTS-@christophe_candellier-363-2048x1365.jpg 2048w, https:\/\/www.artso.org\/wp-content\/uploads\/2021\/01\/OPERA-LILLE-secours-populaire-by-B-EVENTS-@christophe_candellier-363-1200x800.jpg 1200w, https:\/\/www.artso.org\/wp-content\/uploads\/2021\/01\/OPERA-LILLE-secours-populaire-by-B-EVENTS-@christophe_candellier-363-1860x1240.jpg 1860w\" data-sizes=\"(max-width: 1024px) 100vw, 1024px\" src=\"data:image\/svg+xml;base64,PHN2ZyB3aWR0aD0iMSIgaGVpZ2h0PSIxIiB4bWxucz0iaHR0cDovL3d3dy53My5vcmcvMjAwMC9zdmciPjwvc3ZnPg==\" style=\"--smush-placeholder-width: 1024px; --smush-placeholder-aspect-ratio: 1024\/683;\" \/><\/a><\/figure><\/li><\/ul><\/figure>\n\n\n\n<hr class=\"wp-block-separator\"\/>\n\n\n\n<div class=\"wp-block-media-text alignwide has-media-on-the-right is-stacked-on-mobile\"><figure class=\"wp-block-media-text__media\"><img decoding=\"async\" width=\"1024\" height=\"683\" data-src=\"http:\/\/artsook.cluster030.hosting.ovh.net\/wp-content\/uploads\/2021\/01\/OPERA-LILLE-secours-populaire-by-B-EVENTS-@christophe_candellier-070-1024x683.jpg\" alt=\"\" class=\"wp-image-615 lazyload\" data-srcset=\"https:\/\/www.artso.org\/wp-content\/uploads\/2021\/01\/OPERA-LILLE-secours-populaire-by-B-EVENTS-@christophe_candellier-070-1024x683.jpg 1024w, https:\/\/www.artso.org\/wp-content\/uploads\/2021\/01\/OPERA-LILLE-secours-populaire-by-B-EVENTS-@christophe_candellier-070-300x200.jpg 300w, https:\/\/www.artso.org\/wp-content\/uploads\/2021\/01\/OPERA-LILLE-secours-populaire-by-B-EVENTS-@christophe_candellier-070-768x512.jpg 768w, https:\/\/www.artso.org\/wp-content\/uploads\/2021\/01\/OPERA-LILLE-secours-populaire-by-B-EVENTS-@christophe_candellier-070-1536x1024.jpg 1536w, https:\/\/www.artso.org\/wp-content\/uploads\/2021\/01\/OPERA-LILLE-secours-populaire-by-B-EVENTS-@christophe_candellier-070-2048x1365.jpg 2048w, https:\/\/www.artso.org\/wp-content\/uploads\/2021\/01\/OPERA-LILLE-secours-populaire-by-B-EVENTS-@christophe_candellier-070-1200x800.jpg 1200w, https:\/\/www.artso.org\/wp-content\/uploads\/2021\/01\/OPERA-LILLE-secours-populaire-by-B-EVENTS-@christophe_candellier-070-1860x1240.jpg 1860w\" data-sizes=\"(max-width: 1024px) 100vw, 1024px\" src=\"data:image\/svg+xml;base64,PHN2ZyB3aWR0aD0iMSIgaGVpZ2h0PSIxIiB4bWxucz0iaHR0cDovL3d3dy53My5vcmcvMjAwMC9zdmciPjwvc3ZnPg==\" style=\"--smush-placeholder-width: 1024px; --smush-placeholder-aspect-ratio: 1024\/683;\" \/><\/figure><div class=\"wp-block-media-text__content\">\n<p class=\"has-larger-font-size\"><strong>Pas d&rsquo;oubli\u00e9s de No\u00ebl !<\/strong><\/p>\n\n\n\n<p>\u00a0\u00bb <em>Permettre aux familles de passer les f\u00eates de fin d\u2019ann\u00e9e dans la dignit\u00e9 est un des engagements du Secours populaire<\/em>. \u00a0\u00bb&nbsp; <\/p>\n\n\n\n<p><strong>Jean-Louis Callens<\/strong>, Secr\u00e9taire G\u00e9n\u00e9ral du Secours populaire Nord.<\/p>\n<\/div><\/div>\n\n\n\n<hr class=\"wp-block-separator\"\/>\n\n\n\n<p class=\"has-text-align-center has-larger-font-size\"><strong>PARTENAIRES<\/strong><\/p>\n\n\n\n<figure class=\"wp-block-image alignwide size-full\"><img decoding=\"async\" width=\"727\" height=\"177\" data-src=\"http:\/\/artsook.cluster030.hosting.ovh.net\/wp-content\/uploads\/2021\/01\/Partenaires-1.jpg\" alt=\"\" class=\"wp-image-614 lazyload\" data-srcset=\"https:\/\/www.artso.org\/wp-content\/uploads\/2021\/01\/Partenaires-1.jpg 727w, https:\/\/www.artso.org\/wp-content\/uploads\/2021\/01\/Partenaires-1-300x73.jpg 300w\" data-sizes=\"(max-width: 727px) 100vw, 727px\" src=\"data:image\/svg+xml;base64,PHN2ZyB3aWR0aD0iMSIgaGVpZ2h0PSIxIiB4bWxucz0iaHR0cDovL3d3dy53My5vcmcvMjAwMC9zdmciPjwvc3ZnPg==\" style=\"--smush-placeholder-width: 727px; --smush-placeholder-aspect-ratio: 727\/177;\" \/><\/figure>\n\n\n\n<hr class=\"wp-block-separator\"\/>\n","protected":false},"excerpt":{"rendered":"<p>200 donateurs&nbsp;\u00e9taient pr\u00e9sents \u00e0 l&rsquo;Op\u00e9ra de Lille pour passer une&nbsp;soir\u00e9e sous le signe de l\u2019art et de la solidarit\u00e9 pour soutenir la campagne des&nbsp;P\u00e8res No\u00ebl Verts&nbsp;du&nbsp;Secours populaire du Nord.Lors du d\u00eener concoct\u00e9 par la&nbsp;Maison M\u00e9ert, Ma\u00eetre May, de l\u2019\u00e9tude&nbsp;May &amp; Associ\u00e9s,&nbsp;a anim\u00e9 la vente aux ench\u00e8res solidaire.Cette op\u00e9ration, qui ne pourrait exister sans le soutien [&hellip;]<\/p>\n","protected":false},"author":1,"featured_media":783,"comment_status":"closed","ping_status":"open","sticky":false,"template":"","format":"standard","meta":{"footnotes":""},"categories":[12,17],"tags":[],"class_list":["post-189","post","type-post","status-publish","format-standard","has-post-thumbnail","hentry","category-secours-populaire","category-encheres","has-thumbnail"],"_links":{"self":[{"href":"https:\/\/www.artso.org\/index.php\/wp-json\/wp\/v2\/posts\/189","targetHints":{"allow":["GET"]}}],"collection":[{"href":"https:\/\/www.artso.org\/index.php\/wp-json\/wp\/v2\/posts"}],"about":[{"href":"https:\/\/www.artso.org\/index.php\/wp-json\/wp\/v2\/types\/post"}],"author":[{"embeddable":true,"href":"https:\/\/www.artso.org\/index.php\/wp-json\/wp\/v2\/users\/1"}],"replies":[{"embeddable":true,"href":"https:\/\/www.artso.org\/index.php\/wp-json\/wp\/v2\/comments?post=189"}],"version-history":[{"count":10,"href":"https:\/\/www.artso.org\/index.php\/wp-json\/wp\/v2\/posts\/189\/revisions"}],"predecessor-version":[{"id":955,"href":"https:\/\/www.artso.org\/index.php\/wp-json\/wp\/v2\/posts\/189\/revisions\/955"}],"wp:featuredmedia":[{"embeddable":true,"href":"https:\/\/www.artso.org\/index.php\/wp-json\/wp\/v2\/media\/783"}],"wp:attachment":[{"href":"https:\/\/www.artso.org\/index.php\/wp-json\/wp\/v2\/media?parent=189"}],"wp:term":[{"taxonomy":"category","embeddable":true,"href":"https:\/\/www.artso.org\/index.php\/wp-json\/wp\/v2\/categories?post=189"},{"taxonomy":"post_tag","embeddable":true,"href":"https:\/\/www.artso.org\/index.php\/wp-json\/wp\/v2\/tags?post=189"}],"curies":[{"name":"wp","href":"https:\/\/api.w.org\/{rel}","templated":true}]}}