{"id":212,"date":"2020-12-13T16:16:17","date_gmt":"2020-12-13T15:16:17","guid":{"rendered":"http:\/\/artsook.cluster030.hosting.ovh.net\/?p=212"},"modified":"2025-02-10T18:23:52","modified_gmt":"2025-02-10T17:23:52","slug":"carte-de-voeux-jef-aerosol","status":"publish","type":"post","link":"https:\/\/www.artso.org\/index.php\/2020\/12\/13\/carte-de-voeux-jef-aerosol\/","title":{"rendered":"Edition \/ Carte de v\u0153ux <br> <br> Jef A\u00e9rosol  <br> Ville de Marcq-en-Bar\u0153ul"},"content":{"rendered":"\n<p class=\"has-text-align-center has-larger-font-size\"><strong>V\u0153ux  2021<\/strong><\/p>\n\n\n\n<p class=\"has-text-align-center\">Jef A\u00e9rosol, street&rsquo;artiste lillois de renomm\u00e9e mondiale, a pos\u00e9 ses pochoirs \u00e0 Marcq-en-Bar\u0153ul du 24 ao\u00fbt au 04 septembre 2020 afin de r\u00e9aliser une nouvelle fresque sur les murs ext\u00e9rieurs du Centre technique Municipal,\u00a0 31 rue de Menin.<\/p>\n\n\n\n<p class=\"has-text-align-center\">Fi\u00e8re de cette r\u00e9alisation, la ville de Marcq-en-Bar\u0153ul a choisi d&rsquo;extraire certains visuels de la fresque pour r\u00e9aliser leur carte de v\u0153ux de fin d&rsquo;ann\u00e9e. <\/p>\n\n\n\n<hr class=\"wp-block-separator\"\/>\n\n\n\n<figure class=\"wp-block-gallery alignwide columns-1 is-cropped wp-block-gallery-1 is-layout-flex wp-block-gallery-is-layout-flex\"><ul class=\"blocks-gallery-grid\"><li class=\"blocks-gallery-item\"><figure><a href=\"http:\/\/artsook.cluster030.hosting.ovh.net\/wp-content\/uploads\/2020\/12\/Capture-2-2.jpg\" data-lbwps-width=\"1687\" data-lbwps-height=\"1159\" data-lbwps-srcsmall=\"http:\/\/artsook.cluster030.hosting.ovh.net\/wp-content\/uploads\/2020\/12\/Capture-2-2.jpg\"><img decoding=\"async\" width=\"1024\" height=\"704\" data-src=\"http:\/\/artsook.cluster030.hosting.ovh.net\/wp-content\/uploads\/2020\/12\/Capture-2-2-1024x704.jpg\" alt=\"\" data-id=\"335\" data-full-url=\"http:\/\/artsook.cluster030.hosting.ovh.net\/wp-content\/uploads\/2020\/12\/Capture-2-2.jpg\" data-link=\"http:\/\/artsook.cluster030.hosting.ovh.net\/index.php\/2020\/12\/13\/carte-de-voeux-jef-aerosol\/capture-2-2-2\/\" class=\"wp-image-335 lazyload\" data-srcset=\"https:\/\/www.artso.org\/wp-content\/uploads\/2020\/12\/Capture-2-2-1024x704.jpg 1024w, https:\/\/www.artso.org\/wp-content\/uploads\/2020\/12\/Capture-2-2-300x206.jpg 300w, https:\/\/www.artso.org\/wp-content\/uploads\/2020\/12\/Capture-2-2-768x528.jpg 768w, https:\/\/www.artso.org\/wp-content\/uploads\/2020\/12\/Capture-2-2-1536x1055.jpg 1536w, https:\/\/www.artso.org\/wp-content\/uploads\/2020\/12\/Capture-2-2-1200x824.jpg 1200w, https:\/\/www.artso.org\/wp-content\/uploads\/2020\/12\/Capture-2-2.jpg 1687w\" data-sizes=\"(max-width: 1024px) 100vw, 1024px\" src=\"data:image\/svg+xml;base64,PHN2ZyB3aWR0aD0iMSIgaGVpZ2h0PSIxIiB4bWxucz0iaHR0cDovL3d3dy53My5vcmcvMjAwMC9zdmciPjwvc3ZnPg==\" style=\"--smush-placeholder-width: 1024px; --smush-placeholder-aspect-ratio: 1024\/704;\" \/><\/a><\/figure><\/li><li class=\"blocks-gallery-item\"><figure><a href=\"http:\/\/artsook.cluster030.hosting.ovh.net\/wp-content\/uploads\/2020\/12\/Capture-1-1.jpg\" data-lbwps-width=\"1686\" data-lbwps-height=\"1155\" data-lbwps-srcsmall=\"http:\/\/artsook.cluster030.hosting.ovh.net\/wp-content\/uploads\/2020\/12\/Capture-1-1.jpg\"><img decoding=\"async\" width=\"1024\" height=\"701\" data-src=\"http:\/\/artsook.cluster030.hosting.ovh.net\/wp-content\/uploads\/2020\/12\/Capture-1-1-1024x701.jpg\" alt=\"\" data-id=\"334\" data-full-url=\"http:\/\/artsook.cluster030.hosting.ovh.net\/wp-content\/uploads\/2020\/12\/Capture-1-1.jpg\" data-link=\"http:\/\/artsook.cluster030.hosting.ovh.net\/index.php\/2020\/12\/13\/carte-de-voeux-jef-aerosol\/capture-1-1\/\" class=\"wp-image-334 lazyload\" data-srcset=\"https:\/\/www.artso.org\/wp-content\/uploads\/2020\/12\/Capture-1-1-1024x701.jpg 1024w, https:\/\/www.artso.org\/wp-content\/uploads\/2020\/12\/Capture-1-1-300x206.jpg 300w, https:\/\/www.artso.org\/wp-content\/uploads\/2020\/12\/Capture-1-1-768x526.jpg 768w, https:\/\/www.artso.org\/wp-content\/uploads\/2020\/12\/Capture-1-1-1536x1052.jpg 1536w, https:\/\/www.artso.org\/wp-content\/uploads\/2020\/12\/Capture-1-1-1200x822.jpg 1200w, https:\/\/www.artso.org\/wp-content\/uploads\/2020\/12\/Capture-1-1.jpg 1686w\" data-sizes=\"(max-width: 1024px) 100vw, 1024px\" src=\"data:image\/svg+xml;base64,PHN2ZyB3aWR0aD0iMSIgaGVpZ2h0PSIxIiB4bWxucz0iaHR0cDovL3d3dy53My5vcmcvMjAwMC9zdmciPjwvc3ZnPg==\" style=\"--smush-placeholder-width: 1024px; --smush-placeholder-aspect-ratio: 1024\/701;\" \/><\/a><\/figure><\/li><\/ul><\/figure>\n\n\n\n<hr class=\"wp-block-separator\"\/>\n\n\n\n<p><strong>\u00c0 propos de l\u2019artiste<\/strong><\/p>\n\n\n\n<p>Jean-Fran\u00e7ois Perroy, plus connu sous le pseudonyme Jef A\u00e9rosol, n\u00e9 \u00e0 Nantes le 15 janvier 1957, est un artiste pochoiriste fran\u00e7ais issu de la premi\u00e8re vague de \u00ab street art \u00bb (art urbain) du d\u00e9but des ann\u00e9es 1980.<br>Il est consid\u00e9r\u00e9 comme l\u2019un des pionniers historiques de ce ph\u00e9nom\u00e8ne artistique.<br><br><a href=\"https:\/\/www.jefaerosol.com\/\">https:\/\/www.jefaerosol.com\/<\/a><\/p>\n\n\n\n<hr class=\"wp-block-separator\"\/>\n\n\n\n<p class=\"has-text-align-center\"><strong>PARTENAIRES<\/strong><\/p>\n\n\n\n<figure class=\"wp-block-gallery columns-3 wp-block-gallery-2 is-layout-flex wp-block-gallery-is-layout-flex\"><ul class=\"blocks-gallery-grid\"><li class=\"blocks-gallery-item\"><figure><img decoding=\"async\" width=\"2560\" height=\"493\" data-src=\"http:\/\/artsook.cluster030.hosting.ovh.net\/wp-content\/uploads\/2020\/12\/Jef-Aerosol-2-2-scaled.jpg\" alt=\"\" data-id=\"336\" data-link=\"http:\/\/artsook.cluster030.hosting.ovh.net\/index.php\/2020\/12\/13\/carte-de-voeux-jef-aerosol\/jef-aerosol-2-2-2\/\" class=\"wp-image-336 lazyload\" data-srcset=\"https:\/\/www.artso.org\/wp-content\/uploads\/2020\/12\/Jef-Aerosol-2-2-scaled.jpg 2560w, https:\/\/www.artso.org\/wp-content\/uploads\/2020\/12\/Jef-Aerosol-2-2-300x58.jpg 300w, https:\/\/www.artso.org\/wp-content\/uploads\/2020\/12\/Jef-Aerosol-2-2-1024x197.jpg 1024w, https:\/\/www.artso.org\/wp-content\/uploads\/2020\/12\/Jef-Aerosol-2-2-768x148.jpg 768w, https:\/\/www.artso.org\/wp-content\/uploads\/2020\/12\/Jef-Aerosol-2-2-1536x296.jpg 1536w, https:\/\/www.artso.org\/wp-content\/uploads\/2020\/12\/Jef-Aerosol-2-2-2048x394.jpg 2048w, https:\/\/www.artso.org\/wp-content\/uploads\/2020\/12\/Jef-Aerosol-2-2-1200x231.jpg 1200w, https:\/\/www.artso.org\/wp-content\/uploads\/2020\/12\/Jef-Aerosol-2-2-1860x358.jpg 1860w\" data-sizes=\"(max-width: 2560px) 100vw, 2560px\" src=\"data:image\/svg+xml;base64,PHN2ZyB3aWR0aD0iMSIgaGVpZ2h0PSIxIiB4bWxucz0iaHR0cDovL3d3dy53My5vcmcvMjAwMC9zdmciPjwvc3ZnPg==\" style=\"--smush-placeholder-width: 2560px; --smush-placeholder-aspect-ratio: 2560\/493;\" \/><\/figure><\/li><li class=\"blocks-gallery-item\"><figure><img decoding=\"async\" width=\"295\" height=\"151\" data-src=\"http:\/\/artsook.cluster030.hosting.ovh.net\/wp-content\/uploads\/2020\/12\/Marcq-en-baroeul.jpg\" alt=\"\" data-id=\"337\" data-link=\"http:\/\/artsook.cluster030.hosting.ovh.net\/index.php\/2020\/12\/13\/carte-de-voeux-jef-aerosol\/marcq-en-baroeul\/\" class=\"wp-image-337 lazyload\" src=\"data:image\/svg+xml;base64,PHN2ZyB3aWR0aD0iMSIgaGVpZ2h0PSIxIiB4bWxucz0iaHR0cDovL3d3dy53My5vcmcvMjAwMC9zdmciPjwvc3ZnPg==\" style=\"--smush-placeholder-width: 295px; --smush-placeholder-aspect-ratio: 295\/151;\" \/><\/figure><\/li><li class=\"blocks-gallery-item\"><figure><img decoding=\"async\" width=\"600\" height=\"78\" data-src=\"http:\/\/artsook.cluster030.hosting.ovh.net\/wp-content\/uploads\/2020\/12\/Nash-and-youg.png\" alt=\"\" data-id=\"338\" data-full-url=\"http:\/\/artsook.cluster030.hosting.ovh.net\/wp-content\/uploads\/2020\/12\/Nash-and-youg.png\" data-link=\"http:\/\/artsook.cluster030.hosting.ovh.net\/index.php\/2020\/12\/13\/carte-de-voeux-jef-aerosol\/nash-and-youg\/\" class=\"wp-image-338 lazyload\" data-srcset=\"https:\/\/www.artso.org\/wp-content\/uploads\/2020\/12\/Nash-and-youg.png 600w, https:\/\/www.artso.org\/wp-content\/uploads\/2020\/12\/Nash-and-youg-300x39.png 300w\" data-sizes=\"(max-width: 600px) 100vw, 600px\" src=\"data:image\/svg+xml;base64,PHN2ZyB3aWR0aD0iMSIgaGVpZ2h0PSIxIiB4bWxucz0iaHR0cDovL3d3dy53My5vcmcvMjAwMC9zdmciPjwvc3ZnPg==\" style=\"--smush-placeholder-width: 600px; --smush-placeholder-aspect-ratio: 600\/78;\" \/><\/figure><\/li><\/ul><\/figure>\n\n\n\n<hr class=\"wp-block-separator\"\/>\n\n\n\n<p class=\"has-text-align-center has-large-font-size\"><\/p>\n","protected":false},"excerpt":{"rendered":"<p>V\u0153ux 2021 Jef A\u00e9rosol, street&rsquo;artiste lillois de renomm\u00e9e mondiale, a pos\u00e9 ses pochoirs \u00e0 Marcq-en-Bar\u0153ul du 24 ao\u00fbt au 04 septembre 2020 afin de r\u00e9aliser une nouvelle fresque sur les murs ext\u00e9rieurs du Centre technique Municipal,\u00a0 31 rue de Menin. Fi\u00e8re de cette r\u00e9alisation, la ville de Marcq-en-Bar\u0153ul a choisi d&rsquo;extraire certains visuels de la [&hellip;]<\/p>\n","protected":false},"author":1,"featured_media":213,"comment_status":"closed","ping_status":"closed","sticky":false,"template":"","format":"standard","meta":{"footnotes":""},"categories":[25,6,7],"tags":[],"class_list":["post-212","post","type-post","status-publish","format-standard","has-post-thumbnail","hentry","category-projet","category-edition","category-jef-aerosol","has-thumbnail"],"_links":{"self":[{"href":"https:\/\/www.artso.org\/index.php\/wp-json\/wp\/v2\/posts\/212","targetHints":{"allow":["GET"]}}],"collection":[{"href":"https:\/\/www.artso.org\/index.php\/wp-json\/wp\/v2\/posts"}],"about":[{"href":"https:\/\/www.artso.org\/index.php\/wp-json\/wp\/v2\/types\/post"}],"author":[{"embeddable":true,"href":"https:\/\/www.artso.org\/index.php\/wp-json\/wp\/v2\/users\/1"}],"replies":[{"embeddable":true,"href":"https:\/\/www.artso.org\/index.php\/wp-json\/wp\/v2\/comments?post=212"}],"version-history":[{"count":10,"href":"https:\/\/www.artso.org\/index.php\/wp-json\/wp\/v2\/posts\/212\/revisions"}],"predecessor-version":[{"id":1009,"href":"https:\/\/www.artso.org\/index.php\/wp-json\/wp\/v2\/posts\/212\/revisions\/1009"}],"wp:featuredmedia":[{"embeddable":true,"href":"https:\/\/www.artso.org\/index.php\/wp-json\/wp\/v2\/media\/213"}],"wp:attachment":[{"href":"https:\/\/www.artso.org\/index.php\/wp-json\/wp\/v2\/media?parent=212"}],"wp:term":[{"taxonomy":"category","embeddable":true,"href":"https:\/\/www.artso.org\/index.php\/wp-json\/wp\/v2\/categories?post=212"},{"taxonomy":"post_tag","embeddable":true,"href":"https:\/\/www.artso.org\/index.php\/wp-json\/wp\/v2\/tags?post=212"}],"curies":[{"name":"wp","href":"https:\/\/api.w.org\/{rel}","templated":true}]}}