{"id":2923,"date":"2023-07-09T18:34:46","date_gmt":"2023-07-09T16:34:46","guid":{"rendered":"https:\/\/www.artso.org\/?p=2923"},"modified":"2025-02-10T18:17:28","modified_gmt":"2025-02-10T17:17:28","slug":"expo-vente-lille-2023-solidart-9","status":"publish","type":"post","link":"https:\/\/www.artso.org\/index.php\/2023\/07\/09\/expo-vente-lille-2023-solidart-9\/","title":{"rendered":"Expo-vente \/ Lille 2023 <BR> <BR> Solid\u2019Art #9"},"content":{"rendered":"\n<p class=\"has-text-align-center\">Pour la neuvi\u00e8me \u00e9dition de Solid\u2019Art Lille, le Secours populaire a de nouveau fait rimer art et solidarit\u00e9. En 3 jours, plus de 6 500 visiteurs ont arpent\u00e9 les all\u00e9es de l\u2019H\u00f4tel de Ville de Lille \u00e0 la d\u00e9couverte des 120 artistes solidaires.<\/p>\n\n\n\n<p class=\"has-text-align-center\">R\u00e9sultat : 195 000 \u20ac r\u00e9colt\u00e9s pour le Secours Populaire Nord soit l\u2019\u00e9quivalent de plus de 3 900 \u00ab journ\u00e9es vacances offertes \u00bb aux enfants des familles accompagn\u00e9es par l\u2019association.<\/p>\n\n\n\n<p class=\"has-text-align-center\">Un plaisir \u00e9galement pour les artistes engag\u00e9s sur l&rsquo;\u00e9v\u00e8nement qui ont rencontr\u00e9 un public amateur d\u2019art, curieux de d\u00e9couvertes et g\u00e9n\u00e9reux. Pr\u00e8s de 1 000 \u0153uvres ont \u00e9t\u00e9 vendues durant ces 3 journ\u00e9es.<\/p>\n\n\n\n<p class=\"has-text-align-center\">L&rsquo;artiste roubaisien Damien Demaiter \u00e9tait le parrain de cette huiti\u00e8me \u00e9dition lilloise.<\/p>\n\n\n\n<figure class=\"wp-block-embed is-type-video is-provider-youtube wp-block-embed-youtube wp-embed-aspect-16-9 wp-has-aspect-ratio\"><div class=\"wp-block-embed__wrapper\">\n<iframe title=\"Solid&#039;art Lille 2023 - Secours Populaire Fran\u00e7ais du Nord\" width=\"560\" height=\"315\" data-src=\"https:\/\/www.youtube.com\/embed\/q_XYIui3kQ0?feature=oembed\" frameborder=\"0\" allow=\"accelerometer; autoplay; clipboard-write; encrypted-media; gyroscope; picture-in-picture; web-share\" referrerpolicy=\"strict-origin-when-cross-origin\" allowfullscreen src=\"data:image\/svg+xml;base64,PHN2ZyB3aWR0aD0iMSIgaGVpZ2h0PSIxIiB4bWxucz0iaHR0cDovL3d3dy53My5vcmcvMjAwMC9zdmciPjwvc3ZnPg==\" class=\"lazyload\" data-load-mode=\"1\"><\/iframe>\n<\/div><\/figure>\n\n\n\n<hr class=\"wp-block-separator has-css-opacity\"\/>\n\n\n\n<p class=\"has-text-align-center\"><strong>Visite 3D du salon avec APM360<\/strong><\/p>\n\n\n\n<iframe width=\"100%\" height=\"500\" data-src=\"https:\/\/tour3d.apm360.com\/tour\/solidartlille\" frameborder=\"0\" allowfullscreen src=\"data:image\/svg+xml;base64,PHN2ZyB3aWR0aD0iMSIgaGVpZ2h0PSIxIiB4bWxucz0iaHR0cDovL3d3dy53My5vcmcvMjAwMC9zdmciPjwvc3ZnPg==\" class=\"lazyload\" data-load-mode=\"1\"><\/iframe>\n\n\n\n<hr class=\"wp-block-separator has-css-opacity\"\/>\n\n\n\n<p class=\"has-text-align-center\"><strong>3 900 \u00ab journ\u00e9es vacances \u00bb offertes !<\/strong><\/p>\n\n\n\n<p class=\"has-text-align-center\">Solid&rsquo;Art a permis au Secours populaire du Nord de collecter 195 000 \u20ac &nbsp;!<\/p>\n\n\n\n<p class=\"has-text-align-center\">L&rsquo;op\u00e9ration permettra au Secours populaire d\u2019offrir l\u2019\u00e9quivalent de 3 900 \u00ab journ\u00e9es vacances \u00bb aux enfants et familles accompagn\u00e9s par l\u2019association dans le cadre de la campagne Vacances 2023.<\/p>\n\n\n\n<figure class=\"wp-block-gallery alignwide has-nested-images columns-default is-cropped wp-block-gallery-1 is-layout-flex wp-block-gallery-is-layout-flex\">\n<figure class=\"wp-block-image size-large\"><a href=\"https:\/\/www.artso.org\/wp-content\/uploads\/2023\/07\/40x60-lille-2023-Valide-5-BD-ss-Logo.jpg\" data-lbwps-width=\"4556\" data-lbwps-height=\"6405\" data-lbwps-srcsmall=\"https:\/\/www.artso.org\/wp-content\/uploads\/2023\/07\/40x60-lille-2023-Valide-5-BD-ss-Logo-213x300.jpg\"><img decoding=\"async\" width=\"728\" height=\"1024\" data-id=\"2925\" data-src=\"https:\/\/www.artso.org\/wp-content\/uploads\/2023\/07\/40x60-lille-2023-Valide-5-BD-ss-Logo-728x1024.jpg\" alt=\"\" class=\"wp-image-2925 lazyload\" data-srcset=\"https:\/\/www.artso.org\/wp-content\/uploads\/2023\/07\/40x60-lille-2023-Valide-5-BD-ss-Logo-728x1024.jpg 728w, https:\/\/www.artso.org\/wp-content\/uploads\/2023\/07\/40x60-lille-2023-Valide-5-BD-ss-Logo-213x300.jpg 213w, https:\/\/www.artso.org\/wp-content\/uploads\/2023\/07\/40x60-lille-2023-Valide-5-BD-ss-Logo-768x1080.jpg 768w, https:\/\/www.artso.org\/wp-content\/uploads\/2023\/07\/40x60-lille-2023-Valide-5-BD-ss-Logo-1093x1536.jpg 1093w, https:\/\/www.artso.org\/wp-content\/uploads\/2023\/07\/40x60-lille-2023-Valide-5-BD-ss-Logo-scaled.jpg 1821w\" data-sizes=\"(max-width: 728px) 100vw, 728px\" src=\"data:image\/svg+xml;base64,PHN2ZyB3aWR0aD0iMSIgaGVpZ2h0PSIxIiB4bWxucz0iaHR0cDovL3d3dy53My5vcmcvMjAwMC9zdmciPjwvc3ZnPg==\" style=\"--smush-placeholder-width: 728px; --smush-placeholder-aspect-ratio: 728\/1024;\" \/><\/a><\/figure>\n\n\n\n<figure class=\"wp-block-image size-large\"><a href=\"https:\/\/www.artso.org\/wp-content\/uploads\/2023\/07\/Capture-Demaiter.jpg\" data-lbwps-width=\"2301\" data-lbwps-height=\"1287\" data-lbwps-srcsmall=\"https:\/\/www.artso.org\/wp-content\/uploads\/2023\/07\/Capture-Demaiter-300x168.jpg\"><img decoding=\"async\" width=\"1024\" height=\"573\" data-id=\"2928\" data-src=\"https:\/\/www.artso.org\/wp-content\/uploads\/2023\/07\/Capture-Demaiter-1024x573.jpg\" alt=\"\" class=\"wp-image-2928 lazyload\" data-srcset=\"https:\/\/www.artso.org\/wp-content\/uploads\/2023\/07\/Capture-Demaiter-1024x573.jpg 1024w, https:\/\/www.artso.org\/wp-content\/uploads\/2023\/07\/Capture-Demaiter-300x168.jpg 300w, https:\/\/www.artso.org\/wp-content\/uploads\/2023\/07\/Capture-Demaiter-768x430.jpg 768w, https:\/\/www.artso.org\/wp-content\/uploads\/2023\/07\/Capture-Demaiter-1536x859.jpg 1536w, https:\/\/www.artso.org\/wp-content\/uploads\/2023\/07\/Capture-Demaiter-2048x1145.jpg 2048w, https:\/\/www.artso.org\/wp-content\/uploads\/2023\/07\/Capture-Demaiter-1200x671.jpg 1200w, https:\/\/www.artso.org\/wp-content\/uploads\/2023\/07\/Capture-Demaiter-1860x1040.jpg 1860w\" data-sizes=\"(max-width: 1024px) 100vw, 1024px\" src=\"data:image\/svg+xml;base64,PHN2ZyB3aWR0aD0iMSIgaGVpZ2h0PSIxIiB4bWxucz0iaHR0cDovL3d3dy53My5vcmcvMjAwMC9zdmciPjwvc3ZnPg==\" style=\"--smush-placeholder-width: 1024px; --smush-placeholder-aspect-ratio: 1024\/573;\" \/><\/a><\/figure>\n\n\n\n<figure class=\"wp-block-image size-large\"><a href=\"https:\/\/www.artso.org\/wp-content\/uploads\/2023\/07\/347433896_722874779844766_2772370315224581484_n.jpg\" data-lbwps-width=\"1080\" data-lbwps-height=\"1080\" data-lbwps-srcsmall=\"https:\/\/www.artso.org\/wp-content\/uploads\/2023\/07\/347433896_722874779844766_2772370315224581484_n-300x300.jpg\"><img decoding=\"async\" width=\"1024\" height=\"1024\" data-id=\"2927\" data-src=\"https:\/\/www.artso.org\/wp-content\/uploads\/2023\/07\/347433896_722874779844766_2772370315224581484_n-1024x1024.jpg\" alt=\"\" class=\"wp-image-2927 lazyload\" data-srcset=\"https:\/\/www.artso.org\/wp-content\/uploads\/2023\/07\/347433896_722874779844766_2772370315224581484_n-1024x1024.jpg 1024w, https:\/\/www.artso.org\/wp-content\/uploads\/2023\/07\/347433896_722874779844766_2772370315224581484_n-300x300.jpg 300w, https:\/\/www.artso.org\/wp-content\/uploads\/2023\/07\/347433896_722874779844766_2772370315224581484_n-150x150.jpg 150w, https:\/\/www.artso.org\/wp-content\/uploads\/2023\/07\/347433896_722874779844766_2772370315224581484_n-768x768.jpg 768w, https:\/\/www.artso.org\/wp-content\/uploads\/2023\/07\/347433896_722874779844766_2772370315224581484_n.jpg 1080w\" data-sizes=\"(max-width: 1024px) 100vw, 1024px\" src=\"data:image\/svg+xml;base64,PHN2ZyB3aWR0aD0iMSIgaGVpZ2h0PSIxIiB4bWxucz0iaHR0cDovL3d3dy53My5vcmcvMjAwMC9zdmciPjwvc3ZnPg==\" style=\"--smush-placeholder-width: 1024px; --smush-placeholder-aspect-ratio: 1024\/1024;\" \/><\/a><\/figure>\n\n\n\n<figure class=\"wp-block-image size-large\"><a href=\"https:\/\/www.artso.org\/wp-content\/uploads\/2022\/08\/J9A0125-scaled-e1659462407176.jpg\" data-lbwps-width=\"256\" data-lbwps-height=\"171\" data-lbwps-srcsmall=\"https:\/\/www.artso.org\/wp-content\/uploads\/2022\/08\/J9A0125-scaled-e1659462407176.jpg\" data-lbwps-caption=\"Exposition d&amp;rsquo;artistes organis\u00e9 par le secours populaire\"><img decoding=\"async\" width=\"1024\" height=\"683\" data-id=\"1423\" data-src=\"https:\/\/www.artso.org\/wp-content\/uploads\/2022\/08\/J9A0125-1024x683.jpg\" alt=\"\" class=\"wp-image-1423 lazyload\" src=\"data:image\/svg+xml;base64,PHN2ZyB3aWR0aD0iMSIgaGVpZ2h0PSIxIiB4bWxucz0iaHR0cDovL3d3dy53My5vcmcvMjAwMC9zdmciPjwvc3ZnPg==\" style=\"--smush-placeholder-width: 1024px; --smush-placeholder-aspect-ratio: 1024\/683;\" \/><\/a><figcaption class=\"wp-element-caption\">Exposition d&rsquo;artistes organis\u00e9 par le secours populaire<\/figcaption><\/figure>\n\n\n\n<figure class=\"wp-block-image size-large\"><a href=\"https:\/\/www.artso.org\/wp-content\/uploads\/2022\/08\/J9A0184-scaled-e1659462465334.jpg\" data-lbwps-width=\"256\" data-lbwps-height=\"171\" data-lbwps-srcsmall=\"https:\/\/www.artso.org\/wp-content\/uploads\/2022\/08\/J9A0184-scaled-e1659462465334.jpg\" data-lbwps-caption=\"Exposition d&amp;rsquo;artistes organis\u00e9 par le secours populaire\"><img decoding=\"async\" width=\"1024\" height=\"683\" data-id=\"1417\" data-src=\"https:\/\/www.artso.org\/wp-content\/uploads\/2022\/08\/J9A0184-1024x683.jpg\" alt=\"\" class=\"wp-image-1417 lazyload\" src=\"data:image\/svg+xml;base64,PHN2ZyB3aWR0aD0iMSIgaGVpZ2h0PSIxIiB4bWxucz0iaHR0cDovL3d3dy53My5vcmcvMjAwMC9zdmciPjwvc3ZnPg==\" style=\"--smush-placeholder-width: 1024px; --smush-placeholder-aspect-ratio: 1024\/683;\" \/><\/a><figcaption class=\"wp-element-caption\">Exposition d&rsquo;artistes organis\u00e9 par le secours populaire<\/figcaption><\/figure>\n\n\n\n<figure class=\"wp-block-image size-large\"><a href=\"https:\/\/www.artso.org\/wp-content\/uploads\/2022\/08\/J9A0117-scaled-e1659462525744.jpg\" data-lbwps-width=\"256\" data-lbwps-height=\"171\" data-lbwps-srcsmall=\"https:\/\/www.artso.org\/wp-content\/uploads\/2022\/08\/J9A0117-scaled-e1659462525744.jpg\" data-lbwps-caption=\"Exposition d&amp;rsquo;artistes organis\u00e9 par le secours populaire\"><img decoding=\"async\" width=\"1024\" height=\"683\" data-id=\"1409\" data-src=\"https:\/\/www.artso.org\/wp-content\/uploads\/2022\/08\/J9A0117-1024x683.jpg\" alt=\"\" class=\"wp-image-1409 lazyload\" src=\"data:image\/svg+xml;base64,PHN2ZyB3aWR0aD0iMSIgaGVpZ2h0PSIxIiB4bWxucz0iaHR0cDovL3d3dy53My5vcmcvMjAwMC9zdmciPjwvc3ZnPg==\" style=\"--smush-placeholder-width: 1024px; --smush-placeholder-aspect-ratio: 1024\/683;\" \/><\/a><figcaption class=\"wp-element-caption\">Exposition d&rsquo;artistes organis\u00e9 par le secours populaire<\/figcaption><\/figure>\n\n\n\n<figure class=\"wp-block-image size-large\"><a href=\"https:\/\/www.artso.org\/wp-content\/uploads\/2022\/08\/J9A0059-scaled-e1659462519779.jpg\" data-lbwps-width=\"256\" data-lbwps-height=\"171\" data-lbwps-srcsmall=\"https:\/\/www.artso.org\/wp-content\/uploads\/2022\/08\/J9A0059-scaled-e1659462519779.jpg\" data-lbwps-caption=\"Exposition d&amp;rsquo;artistes organis\u00e9 par le secours populaire\"><img decoding=\"async\" width=\"1024\" height=\"683\" data-id=\"1410\" data-src=\"https:\/\/www.artso.org\/wp-content\/uploads\/2022\/08\/J9A0059-1024x683.jpg\" alt=\"\" class=\"wp-image-1410 lazyload\" src=\"data:image\/svg+xml;base64,PHN2ZyB3aWR0aD0iMSIgaGVpZ2h0PSIxIiB4bWxucz0iaHR0cDovL3d3dy53My5vcmcvMjAwMC9zdmciPjwvc3ZnPg==\" style=\"--smush-placeholder-width: 1024px; --smush-placeholder-aspect-ratio: 1024\/683;\" \/><\/a><figcaption class=\"wp-element-caption\">Exposition d&rsquo;artistes organis\u00e9 par le secours populaire<\/figcaption><\/figure>\n\n\n\n<figure class=\"wp-block-image size-large\"><a href=\"https:\/\/www.artso.org\/wp-content\/uploads\/2022\/08\/J9A0206-scaled-e1659462479321.jpg\" data-lbwps-width=\"256\" data-lbwps-height=\"171\" data-lbwps-srcsmall=\"https:\/\/www.artso.org\/wp-content\/uploads\/2022\/08\/J9A0206-scaled-e1659462479321.jpg\" data-lbwps-caption=\"Exposition d&amp;rsquo;artistes organis\u00e9 par le secours populaire\"><img decoding=\"async\" width=\"1024\" height=\"683\" data-id=\"1415\" data-src=\"https:\/\/www.artso.org\/wp-content\/uploads\/2022\/08\/J9A0206-1024x683.jpg\" alt=\"\" class=\"wp-image-1415 lazyload\" src=\"data:image\/svg+xml;base64,PHN2ZyB3aWR0aD0iMSIgaGVpZ2h0PSIxIiB4bWxucz0iaHR0cDovL3d3dy53My5vcmcvMjAwMC9zdmciPjwvc3ZnPg==\" style=\"--smush-placeholder-width: 1024px; --smush-placeholder-aspect-ratio: 1024\/683;\" \/><\/a><figcaption class=\"wp-element-caption\">Exposition d&rsquo;artistes organis\u00e9 par le secours populaire<\/figcaption><\/figure>\n\n\n\n<figure class=\"wp-block-image size-large\"><a href=\"https:\/\/www.artso.org\/wp-content\/uploads\/2022\/08\/J9A0119-2-scaled-e1659462507411.jpg\" data-lbwps-width=\"256\" data-lbwps-height=\"171\" data-lbwps-srcsmall=\"https:\/\/www.artso.org\/wp-content\/uploads\/2022\/08\/J9A0119-2-scaled-e1659462507411.jpg\" data-lbwps-caption=\"Exposition d&amp;rsquo;artistes organis\u00e9 par le secours populaire\"><img decoding=\"async\" width=\"1024\" height=\"683\" data-id=\"1411\" data-src=\"https:\/\/www.artso.org\/wp-content\/uploads\/2022\/08\/J9A0119-2-1024x683.jpg\" alt=\"\" class=\"wp-image-1411 lazyload\" src=\"data:image\/svg+xml;base64,PHN2ZyB3aWR0aD0iMSIgaGVpZ2h0PSIxIiB4bWxucz0iaHR0cDovL3d3dy53My5vcmcvMjAwMC9zdmciPjwvc3ZnPg==\" style=\"--smush-placeholder-width: 1024px; --smush-placeholder-aspect-ratio: 1024\/683;\" \/><\/a><figcaption class=\"wp-element-caption\">Exposition d&rsquo;artistes organis\u00e9 par le secours populaire<\/figcaption><\/figure>\n\n\n\n<figure class=\"wp-block-image size-large\"><a href=\"https:\/\/www.artso.org\/wp-content\/uploads\/2022\/08\/J9A0279-scaled-e1659462459852.jpg\" data-lbwps-width=\"256\" data-lbwps-height=\"171\" data-lbwps-srcsmall=\"https:\/\/www.artso.org\/wp-content\/uploads\/2022\/08\/J9A0279-scaled-e1659462459852.jpg\" data-lbwps-caption=\"Exposition d&amp;rsquo;artistes organis\u00e9 par le secours populaire\"><img decoding=\"async\" width=\"1024\" height=\"683\" data-id=\"1418\" data-src=\"https:\/\/www.artso.org\/wp-content\/uploads\/2022\/08\/J9A0279-1024x683.jpg\" alt=\"\" class=\"wp-image-1418 lazyload\" src=\"data:image\/svg+xml;base64,PHN2ZyB3aWR0aD0iMSIgaGVpZ2h0PSIxIiB4bWxucz0iaHR0cDovL3d3dy53My5vcmcvMjAwMC9zdmciPjwvc3ZnPg==\" style=\"--smush-placeholder-width: 1024px; --smush-placeholder-aspect-ratio: 1024\/683;\" \/><\/a><figcaption class=\"wp-element-caption\">Exposition d&rsquo;artistes organis\u00e9 par le secours populaire<\/figcaption><\/figure>\n\n\n\n<figure class=\"wp-block-image size-large\"><a href=\"https:\/\/www.artso.org\/wp-content\/uploads\/2022\/08\/J9A0154-scaled-e1659462492311.jpg\" data-lbwps-width=\"256\" data-lbwps-height=\"171\" data-lbwps-srcsmall=\"https:\/\/www.artso.org\/wp-content\/uploads\/2022\/08\/J9A0154-scaled-e1659462492311.jpg\" data-lbwps-caption=\"Exposition d&amp;rsquo;artistes organis\u00e9 par le secours populaire\"><img decoding=\"async\" width=\"1024\" height=\"683\" data-id=\"1413\" data-src=\"https:\/\/www.artso.org\/wp-content\/uploads\/2022\/08\/J9A0154-1024x683.jpg\" alt=\"\" class=\"wp-image-1413 lazyload\" src=\"data:image\/svg+xml;base64,PHN2ZyB3aWR0aD0iMSIgaGVpZ2h0PSIxIiB4bWxucz0iaHR0cDovL3d3dy53My5vcmcvMjAwMC9zdmciPjwvc3ZnPg==\" style=\"--smush-placeholder-width: 1024px; --smush-placeholder-aspect-ratio: 1024\/683;\" \/><\/a><figcaption class=\"wp-element-caption\">Exposition d&rsquo;artistes organis\u00e9 par le secours populaire<\/figcaption><\/figure>\n\n\n\n<figure class=\"wp-block-image size-large\"><a href=\"https:\/\/www.artso.org\/wp-content\/uploads\/2022\/08\/J9A0205-1-scaled-e1659462422525.jpg\" data-lbwps-width=\"256\" data-lbwps-height=\"171\" data-lbwps-srcsmall=\"https:\/\/www.artso.org\/wp-content\/uploads\/2022\/08\/J9A0205-1-scaled-e1659462422525.jpg\" data-lbwps-caption=\"Exposition d&amp;rsquo;artistes organis\u00e9 par le secours populaire\"><img decoding=\"async\" width=\"1024\" height=\"683\" data-id=\"1420\" data-src=\"https:\/\/www.artso.org\/wp-content\/uploads\/2022\/08\/J9A0205-1-1024x683.jpg\" alt=\"\" class=\"wp-image-1420 lazyload\" src=\"data:image\/svg+xml;base64,PHN2ZyB3aWR0aD0iMSIgaGVpZ2h0PSIxIiB4bWxucz0iaHR0cDovL3d3dy53My5vcmcvMjAwMC9zdmciPjwvc3ZnPg==\" style=\"--smush-placeholder-width: 1024px; --smush-placeholder-aspect-ratio: 1024\/683;\" \/><\/a><figcaption class=\"wp-element-caption\">Exposition d&rsquo;artistes organis\u00e9 par le secours populaire<\/figcaption><\/figure>\n\n\n\n<figure class=\"wp-block-image size-large\"><a href=\"https:\/\/www.artso.org\/wp-content\/uploads\/2022\/08\/J9A0086-scaled-e1659462532354.jpg\" data-lbwps-width=\"256\" data-lbwps-height=\"171\" data-lbwps-srcsmall=\"https:\/\/www.artso.org\/wp-content\/uploads\/2022\/08\/J9A0086-scaled-e1659462532354.jpg\" data-lbwps-caption=\"Exposition d&amp;rsquo;artistes organis\u00e9 par le secours populaire\"><img decoding=\"async\" width=\"1024\" height=\"683\" data-id=\"1408\" data-src=\"https:\/\/www.artso.org\/wp-content\/uploads\/2022\/08\/J9A0086-1024x683.jpg\" alt=\"\" class=\"wp-image-1408 lazyload\" src=\"data:image\/svg+xml;base64,PHN2ZyB3aWR0aD0iMSIgaGVpZ2h0PSIxIiB4bWxucz0iaHR0cDovL3d3dy53My5vcmcvMjAwMC9zdmciPjwvc3ZnPg==\" style=\"--smush-placeholder-width: 1024px; --smush-placeholder-aspect-ratio: 1024\/683;\" \/><\/a><figcaption class=\"wp-element-caption\">Exposition d&rsquo;artistes organis\u00e9 par le secours populaire<\/figcaption><\/figure>\n<\/figure>\n\n\n\n<hr class=\"wp-block-separator has-css-opacity\"\/>\n\n\n\n<p class=\"has-text-align-center has-larger-font-size\"><strong>LES VACANCES C&rsquo;EST PAS DU LUXE&nbsp;!<\/strong><\/p>\n\n\n\n<div class=\"wp-block-media-text alignwide is-stacked-on-mobile\"><figure class=\"wp-block-media-text__media\"><img decoding=\"async\" width=\"310\" height=\"190\" data-src=\"https:\/\/www.artso.org\/wp-content\/uploads\/2021\/01\/310x190_jean-louis-callens-secretaire-general-secours-populaire-nord.jpg\" alt=\"\" class=\"wp-image-595 size-full lazyload\" data-srcset=\"https:\/\/www.artso.org\/wp-content\/uploads\/2021\/01\/310x190_jean-louis-callens-secretaire-general-secours-populaire-nord.jpg 310w, https:\/\/www.artso.org\/wp-content\/uploads\/2021\/01\/310x190_jean-louis-callens-secretaire-general-secours-populaire-nord-300x184.jpg 300w\" data-sizes=\"(max-width: 310px) 100vw, 310px\" src=\"data:image\/svg+xml;base64,PHN2ZyB3aWR0aD0iMSIgaGVpZ2h0PSIxIiB4bWxucz0iaHR0cDovL3d3dy53My5vcmcvMjAwMC9zdmciPjwvc3ZnPg==\" style=\"--smush-placeholder-width: 310px; --smush-placeholder-aspect-ratio: 310\/190;\" \/><\/figure><div class=\"wp-block-media-text__content\">\n<p class=\"has-regular-font-size\">\u00ab <em>Je suis tr\u00e8s heureux que ce rendez-vous annuel de l\u2019art et la solidarit\u00e9 ait pu se tenir malgr\u00e9 les contraintes sanitaires. <\/em>&nbsp;Gr\u00e2ce \u00e0 la g\u00e9n\u00e9rosit\u00e9 du public, 3 800 enfants de familles accompagn\u00e9es par la f\u00e9d\u00e9ration du Nord du Secours populaire fran\u00e7ais pourront ainsi profiter d\u2019une journ\u00e9e de loisirs cet \u00e9t\u00e9. MERCI !&nbsp;\u00bb <\/p>\n\n\n\n<p class=\"has-regular-font-size\"><strong>Jean-Louis Callens<\/strong>, secr\u00e9taire g\u00e9n\u00e9ral du Secours Populaire Nord.<\/p>\n<\/div><\/div>\n\n\n\n<hr class=\"wp-block-separator has-css-opacity\"\/>\n\n\n\n<p class=\"has-text-align-center\"><strong>PARTENAIRES<\/strong><\/p>\n\n\n<div class=\"wp-block-image\">\n<figure class=\"aligncenter size-full\"><img decoding=\"async\" width=\"702\" height=\"874\" data-src=\"https:\/\/www.artso.org\/wp-content\/uploads\/2023\/07\/Partenaire-Logo-Lille.jpg\" alt=\"\" class=\"wp-image-2924 lazyload\" data-srcset=\"https:\/\/www.artso.org\/wp-content\/uploads\/2023\/07\/Partenaire-Logo-Lille.jpg 702w, https:\/\/www.artso.org\/wp-content\/uploads\/2023\/07\/Partenaire-Logo-Lille-241x300.jpg 241w\" data-sizes=\"(max-width: 702px) 100vw, 702px\" src=\"data:image\/svg+xml;base64,PHN2ZyB3aWR0aD0iMSIgaGVpZ2h0PSIxIiB4bWxucz0iaHR0cDovL3d3dy53My5vcmcvMjAwMC9zdmciPjwvc3ZnPg==\" style=\"--smush-placeholder-width: 702px; --smush-placeholder-aspect-ratio: 702\/874;\" \/><\/figure>\n<\/div>\n\n\n<hr class=\"wp-block-separator has-css-opacity\"\/>\n","protected":false},"excerpt":{"rendered":"<p>Pour la neuvi\u00e8me \u00e9dition de Solid\u2019Art Lille, le Secours populaire a de nouveau fait rimer art et solidarit\u00e9. En 3 jours, plus de 6 500 visiteurs ont arpent\u00e9 les all\u00e9es de l\u2019H\u00f4tel de Ville de Lille \u00e0 la d\u00e9couverte des 120 artistes solidaires. R\u00e9sultat : 195 000 \u20ac r\u00e9colt\u00e9s pour le Secours Populaire Nord soit [&hellip;]<\/p>\n","protected":false},"author":1,"featured_media":2925,"comment_status":"closed","ping_status":"closed","sticky":false,"template":"","format":"standard","meta":{"footnotes":""},"categories":[12,9],"tags":[],"class_list":["post-2923","post","type-post","status-publish","format-standard","has-post-thumbnail","hentry","category-secours-populaire","category-solidart","has-thumbnail"],"_links":{"self":[{"href":"https:\/\/www.artso.org\/index.php\/wp-json\/wp\/v2\/posts\/2923","targetHints":{"allow":["GET"]}}],"collection":[{"href":"https:\/\/www.artso.org\/index.php\/wp-json\/wp\/v2\/posts"}],"about":[{"href":"https:\/\/www.artso.org\/index.php\/wp-json\/wp\/v2\/types\/post"}],"author":[{"embeddable":true,"href":"https:\/\/www.artso.org\/index.php\/wp-json\/wp\/v2\/users\/1"}],"replies":[{"embeddable":true,"href":"https:\/\/www.artso.org\/index.php\/wp-json\/wp\/v2\/comments?post=2923"}],"version-history":[{"count":3,"href":"https:\/\/www.artso.org\/index.php\/wp-json\/wp\/v2\/posts\/2923\/revisions"}],"predecessor-version":[{"id":2934,"href":"https:\/\/www.artso.org\/index.php\/wp-json\/wp\/v2\/posts\/2923\/revisions\/2934"}],"wp:featuredmedia":[{"embeddable":true,"href":"https:\/\/www.artso.org\/index.php\/wp-json\/wp\/v2\/media\/2925"}],"wp:attachment":[{"href":"https:\/\/www.artso.org\/index.php\/wp-json\/wp\/v2\/media?parent=2923"}],"wp:term":[{"taxonomy":"category","embeddable":true,"href":"https:\/\/www.artso.org\/index.php\/wp-json\/wp\/v2\/categories?post=2923"},{"taxonomy":"post_tag","embeddable":true,"href":"https:\/\/www.artso.org\/index.php\/wp-json\/wp\/v2\/tags?post=2923"}],"curies":[{"name":"wp","href":"https:\/\/api.w.org\/{rel}","templated":true}]}}