{"id":37,"date":"2020-12-03T14:22:37","date_gmt":"2020-12-03T13:22:37","guid":{"rendered":"http:\/\/artsook.cluster030.hosting.ovh.net\/?p=37"},"modified":"2025-02-10T18:24:02","modified_gmt":"2025-02-10T17:24:02","slug":"carte-de-voeux-especedelivre","status":"publish","type":"post","link":"https:\/\/www.artso.org\/index.php\/2020\/12\/03\/carte-de-voeux-especedelivre\/","title":{"rendered":"Edition \/ Carte de v\u0153ux <br> <br>  Esp\u00e8cedelivre <br> Assembl\u00e9e Nationale"},"content":{"rendered":"\n<p class=\"has-text-align-center\">Commande du d\u00e9put\u00e9 du Nord pour l&rsquo;\u00e9dition de sa carte de v\u0153ux 2021 diffus\u00e9e \u00e0 18 000 exemplaires.<\/p>\n\n\n\n<p class=\"has-text-align-center\">L&rsquo;artiste Gr\u00e9gory Valentin, alias Esp\u00e8cedelivre, a \u00e9t\u00e9 choisi.<\/p>\n\n\n\n<h1 class=\"has-text-align-center wp-block-heading\"><strong>\u00ab\u00a0R\u00e9publique\u00a0\u00bb<\/strong><\/h1>\n\n\n\n<p class=\"has-text-align-center has-small-font-size\">d\u2019apr\u00e8s  une citation de Jean JAURES<\/p>\n\n\n\n<p class=\"has-text-align-center has-small-font-size\"><strong>Carte de v\u0153ux \u00e9dit\u00e9e pour le d\u00e9put\u00e9 du Nord<\/strong><br>Fabien Roussel<\/p>\n\n\n\n<hr class=\"wp-block-separator\"\/>\n\n\n\n<figure class=\"wp-block-gallery alignwide columns-1 is-cropped wp-block-gallery-1 is-layout-flex wp-block-gallery-is-layout-flex\"><ul class=\"blocks-gallery-grid\"><li class=\"blocks-gallery-item\"><figure><a href=\"http:\/\/artsook.cluster030.hosting.ovh.net\/wp-content\/uploads\/2021\/01\/mockup-scaled.jpg\" data-lbwps-width=\"2560\" data-lbwps-height=\"1920\" data-lbwps-srcsmall=\"http:\/\/artsook.cluster030.hosting.ovh.net\/wp-content\/uploads\/2021\/01\/mockup-scaled.jpg\"><img decoding=\"async\" width=\"1024\" height=\"768\" data-src=\"http:\/\/artsook.cluster030.hosting.ovh.net\/wp-content\/uploads\/2021\/01\/mockup-1024x768.jpg\" alt=\"\" data-id=\"530\" data-full-url=\"http:\/\/artsook.cluster030.hosting.ovh.net\/wp-content\/uploads\/2021\/01\/mockup-scaled.jpg\" data-link=\"http:\/\/artsook.cluster030.hosting.ovh.net\/index.php\/2020\/12\/03\/carte-de-voeux-especedelivre\/mockup-2\/\" class=\"wp-image-530 lazyload\" data-srcset=\"https:\/\/www.artso.org\/wp-content\/uploads\/2021\/01\/mockup-1024x768.jpg 1024w, https:\/\/www.artso.org\/wp-content\/uploads\/2021\/01\/mockup-300x225.jpg 300w, https:\/\/www.artso.org\/wp-content\/uploads\/2021\/01\/mockup-768x576.jpg 768w, https:\/\/www.artso.org\/wp-content\/uploads\/2021\/01\/mockup-1536x1152.jpg 1536w, https:\/\/www.artso.org\/wp-content\/uploads\/2021\/01\/mockup-2048x1536.jpg 2048w, https:\/\/www.artso.org\/wp-content\/uploads\/2021\/01\/mockup-1200x900.jpg 1200w, https:\/\/www.artso.org\/wp-content\/uploads\/2021\/01\/mockup-1860x1395.jpg 1860w\" data-sizes=\"(max-width: 1024px) 100vw, 1024px\" src=\"data:image\/svg+xml;base64,PHN2ZyB3aWR0aD0iMSIgaGVpZ2h0PSIxIiB4bWxucz0iaHR0cDovL3d3dy53My5vcmcvMjAwMC9zdmciPjwvc3ZnPg==\" style=\"--smush-placeholder-width: 1024px; --smush-placeholder-aspect-ratio: 1024\/768;\" \/><\/a><\/figure><\/li><\/ul><\/figure>\n\n\n\n<figure class=\"wp-block-gallery alignwide columns-2 is-cropped wp-block-gallery-2 is-layout-flex wp-block-gallery-is-layout-flex\"><ul class=\"blocks-gallery-grid\"><li class=\"blocks-gallery-item\"><figure><a href=\"http:\/\/artsook.cluster030.hosting.ovh.net\/wp-content\/uploads\/2020\/12\/fabien-1-732x1024.jpg\" data-lbwps-width=\"732\" data-lbwps-height=\"1024\" data-lbwps-srcsmall=\"http:\/\/artsook.cluster030.hosting.ovh.net\/wp-content\/uploads\/2020\/12\/fabien-1-732x1024.jpg\"><img decoding=\"async\" width=\"732\" height=\"1024\" data-src=\"http:\/\/artsook.cluster030.hosting.ovh.net\/wp-content\/uploads\/2020\/12\/fabien-1-732x1024.jpg\" alt=\"\" data-id=\"406\" data-link=\"http:\/\/artsook.cluster030.hosting.ovh.net\/index.php\/2020\/12\/03\/carte-de-voeux-especedelivre\/fabien-1\/\" class=\"wp-image-406 lazyload\" data-srcset=\"https:\/\/www.artso.org\/wp-content\/uploads\/2020\/12\/fabien-1-732x1024.jpg 732w, https:\/\/www.artso.org\/wp-content\/uploads\/2020\/12\/fabien-1-214x300.jpg 214w, https:\/\/www.artso.org\/wp-content\/uploads\/2020\/12\/fabien-1-768x1075.jpg 768w, https:\/\/www.artso.org\/wp-content\/uploads\/2020\/12\/fabien-1-1097x1536.jpg 1097w, https:\/\/www.artso.org\/wp-content\/uploads\/2020\/12\/fabien-1-1463x2048.jpg 1463w, https:\/\/www.artso.org\/wp-content\/uploads\/2020\/12\/fabien-1-1200x1679.jpg 1200w, https:\/\/www.artso.org\/wp-content\/uploads\/2020\/12\/fabien-1.jpg 1772w\" data-sizes=\"(max-width: 732px) 100vw, 732px\" src=\"data:image\/svg+xml;base64,PHN2ZyB3aWR0aD0iMSIgaGVpZ2h0PSIxIiB4bWxucz0iaHR0cDovL3d3dy53My5vcmcvMjAwMC9zdmciPjwvc3ZnPg==\" style=\"--smush-placeholder-width: 732px; --smush-placeholder-aspect-ratio: 732\/1024;\" \/><\/a><\/figure><\/li><li class=\"blocks-gallery-item\"><figure><a href=\"http:\/\/artsook.cluster030.hosting.ovh.net\/wp-content\/uploads\/2020\/12\/fabien-2-2.jpg\" data-lbwps-width=\"1772\" data-lbwps-height=\"2480\" data-lbwps-srcsmall=\"http:\/\/artsook.cluster030.hosting.ovh.net\/wp-content\/uploads\/2020\/12\/fabien-2-2.jpg\"><img decoding=\"async\" width=\"732\" height=\"1024\" data-src=\"http:\/\/artsook.cluster030.hosting.ovh.net\/wp-content\/uploads\/2020\/12\/fabien-2-2-732x1024.jpg\" alt=\"\" data-id=\"409\" data-full-url=\"http:\/\/artsook.cluster030.hosting.ovh.net\/wp-content\/uploads\/2020\/12\/fabien-2-2.jpg\" data-link=\"http:\/\/artsook.cluster030.hosting.ovh.net\/index.php\/2020\/12\/03\/carte-de-voeux-especedelivre\/fabien-2-2\/\" class=\"wp-image-409 lazyload\" data-srcset=\"https:\/\/www.artso.org\/wp-content\/uploads\/2020\/12\/fabien-2-2-732x1024.jpg 732w, https:\/\/www.artso.org\/wp-content\/uploads\/2020\/12\/fabien-2-2-214x300.jpg 214w, https:\/\/www.artso.org\/wp-content\/uploads\/2020\/12\/fabien-2-2-768x1075.jpg 768w, https:\/\/www.artso.org\/wp-content\/uploads\/2020\/12\/fabien-2-2-1097x1536.jpg 1097w, https:\/\/www.artso.org\/wp-content\/uploads\/2020\/12\/fabien-2-2-1463x2048.jpg 1463w, https:\/\/www.artso.org\/wp-content\/uploads\/2020\/12\/fabien-2-2-1200x1679.jpg 1200w, https:\/\/www.artso.org\/wp-content\/uploads\/2020\/12\/fabien-2-2.jpg 1772w\" data-sizes=\"(max-width: 732px) 100vw, 732px\" src=\"data:image\/svg+xml;base64,PHN2ZyB3aWR0aD0iMSIgaGVpZ2h0PSIxIiB4bWxucz0iaHR0cDovL3d3dy53My5vcmcvMjAwMC9zdmciPjwvc3ZnPg==\" style=\"--smush-placeholder-width: 732px; --smush-placeholder-aspect-ratio: 732\/1024;\" \/><\/a><\/figure><\/li><\/ul><\/figure>\n\n\n\n<hr class=\"wp-block-separator is-style-wide\"\/>\n\n\n\n<p class=\"has-text-align-center\"><span class=\"has-inline-color has-light-gray-color\">\u00c0 propos de l&rsquo;artiste<\/span><\/p>\n\n\n\n<p style=\"font-size:16px\"><span class=\"has-inline-color has-light-gray-color\">A<\/span><span class=\"has-inline-color has-medium-gray-color\">rchitecte de formation, designer de m\u00e9tier, Gr\u00e9gory Valentin, artiste fran\u00e7ais n\u00e9 en 1977, est un amoureux des livres, des lignes et de l\u2019Art. Il int\u00e8gre dans ses tableaux <strong>l\u2019int\u00e9grale d\u2019\u0153uvres litt\u00e9raires<\/strong> en jouant avec les espaces, les polices, les lettres pour en restituer une \u00e9motion intense et une esth\u00e9tique parfaite. Gr\u00e9gory Valentin pr\u00e9sente un minutieux travail de composition o\u00f9 il va discipliner, contenir et mettre en forme des textes pour recr\u00e9er l\u2019int\u00e9gralit\u00e9 d\u2019un livre sous forme artistique. La finalit\u00e9 de son travail pr\u00e9sente \u00e0 la fois une \u0153uvre abstraite reposante et esth\u00e9tique tout en donnant vie aux \u0153uvres litt\u00e9raires desquels il s\u2019inspire.&nbsp;<br><\/span><br><a rel=\"noreferrer noopener\" href=\"http:\/\/www.especedelivre.com\" target=\"_blank\">www.especedelivre.com<\/a><\/p>\n\n\n\n<hr class=\"wp-block-separator is-style-wide\"\/>\n","protected":false},"excerpt":{"rendered":"<p>Commande du d\u00e9put\u00e9 du Nord pour l&rsquo;\u00e9dition de sa carte de v\u0153ux 2021 diffus\u00e9e \u00e0 18 000 exemplaires. L&rsquo;artiste Gr\u00e9gory Valentin, alias Esp\u00e8cedelivre, a \u00e9t\u00e9 choisi. \u00ab\u00a0R\u00e9publique\u00a0\u00bb d\u2019apr\u00e8s une citation de Jean JAURES Carte de v\u0153ux \u00e9dit\u00e9e pour le d\u00e9put\u00e9 du NordFabien Roussel \u00c0 propos de l&rsquo;artiste Architecte de formation, designer de m\u00e9tier, Gr\u00e9gory Valentin, [&hellip;]<\/p>\n","protected":false},"author":1,"featured_media":331,"comment_status":"closed","ping_status":"closed","sticky":false,"template":"","format":"standard","meta":{"footnotes":""},"categories":[25,6,11],"tags":[],"class_list":["post-37","post","type-post","status-publish","format-standard","has-post-thumbnail","hentry","category-projet","category-edition","category-gregory-valentin","has-thumbnail"],"_links":{"self":[{"href":"https:\/\/www.artso.org\/index.php\/wp-json\/wp\/v2\/posts\/37","targetHints":{"allow":["GET"]}}],"collection":[{"href":"https:\/\/www.artso.org\/index.php\/wp-json\/wp\/v2\/posts"}],"about":[{"href":"https:\/\/www.artso.org\/index.php\/wp-json\/wp\/v2\/types\/post"}],"author":[{"embeddable":true,"href":"https:\/\/www.artso.org\/index.php\/wp-json\/wp\/v2\/users\/1"}],"replies":[{"embeddable":true,"href":"https:\/\/www.artso.org\/index.php\/wp-json\/wp\/v2\/comments?post=37"}],"version-history":[{"count":15,"href":"https:\/\/www.artso.org\/index.php\/wp-json\/wp\/v2\/posts\/37\/revisions"}],"predecessor-version":[{"id":1010,"href":"https:\/\/www.artso.org\/index.php\/wp-json\/wp\/v2\/posts\/37\/revisions\/1010"}],"wp:featuredmedia":[{"embeddable":true,"href":"https:\/\/www.artso.org\/index.php\/wp-json\/wp\/v2\/media\/331"}],"wp:attachment":[{"href":"https:\/\/www.artso.org\/index.php\/wp-json\/wp\/v2\/media?parent=37"}],"wp:term":[{"taxonomy":"category","embeddable":true,"href":"https:\/\/www.artso.org\/index.php\/wp-json\/wp\/v2\/categories?post=37"},{"taxonomy":"post_tag","embeddable":true,"href":"https:\/\/www.artso.org\/index.php\/wp-json\/wp\/v2\/tags?post=37"}],"curies":[{"name":"wp","href":"https:\/\/api.w.org\/{rel}","templated":true}]}}