{"id":3771,"date":"2023-10-01T16:29:38","date_gmt":"2023-10-01T14:29:38","guid":{"rendered":"https:\/\/www.artso.org\/?p=3771"},"modified":"2025-02-10T18:33:12","modified_gmt":"2025-02-10T17:33:12","slug":"fresque-m-chatroubaix2023","status":"publish","type":"post","link":"https:\/\/www.artso.org\/index.php\/2023\/10\/01\/fresque-m-chatroubaix2023\/","title":{"rendered":"Fresque \/ M. CHAT<br>Ville de ROUBAIX"},"content":{"rendered":"\n<p class=\"has-text-align-center has-small-font-size\">Fresque murale de <strong>160 m<sup>2<\/sup><\/strong> <\/p>\n\n\n\n<p class=\"has-text-align-center\"><strong>L\u2019artiste M. Chat signe une fresque monumentale \u00e0 Roubaix<\/strong><\/p>\n\n\n\n<p class=\"has-text-align-center\">Command\u00e9 par la municipalit\u00e9 de Roubaix, l\u2019artiste M. Chat a r\u00e9alis\u00e9 une fresque monumentale dans le centre-ville. Cet hiver, elle prendra vie gr\u00e2ce \u00e0 une projection vid\u00e9o command\u00e9e dans le cadre du parcours lumi\u00e8re.<\/p>\n\n\n\n<p class=\"has-text-align-center\">Le c\u00e9l\u00e8bre chat jaune d\u00e9barque \u00e0 Roubaix<strong>&nbsp;<\/strong>pour la premi\u00e8re fois. Affal\u00e9 dans le bassin du mus\u00e9e la Piscine, volant au-dessus des chemin\u00e9es, ou roulant \u00e0 v\u00e9lo au pied de la Condition Publique, le f\u00e9lin le plus souriant du monde semble \u00e0 son aise dans l\u2019ancienne capitale du textile.<\/p>\n\n\n\n<hr class=\"wp-block-separator has-css-opacity is-style-wide\"\/>\n\n\n\n<div class=\"wp-block-group alignfull\"><div class=\"wp-block-group__inner-container is-layout-flow wp-block-group-is-layout-flow\"><div class=\"wp-block-image\">\n<figure class=\"aligncenter size-large\"><img decoding=\"async\" width=\"768\" height=\"1024\" data-src=\"https:\/\/www.artso.org\/wp-content\/uploads\/2023\/10\/WhatsApp-Image-2023-09-15-a-16.52.09-768x1024.jpg\" alt=\"\" class=\"wp-image-3776 lazyload\" data-srcset=\"https:\/\/www.artso.org\/wp-content\/uploads\/2023\/10\/WhatsApp-Image-2023-09-15-a-16.52.09-768x1024.jpg 768w, https:\/\/www.artso.org\/wp-content\/uploads\/2023\/10\/WhatsApp-Image-2023-09-15-a-16.52.09-225x300.jpg 225w, https:\/\/www.artso.org\/wp-content\/uploads\/2023\/10\/WhatsApp-Image-2023-09-15-a-16.52.09-1152x1536.jpg 1152w, https:\/\/www.artso.org\/wp-content\/uploads\/2023\/10\/WhatsApp-Image-2023-09-15-a-16.52.09.jpg 1200w\" data-sizes=\"(max-width: 768px) 100vw, 768px\" src=\"data:image\/svg+xml;base64,PHN2ZyB3aWR0aD0iMSIgaGVpZ2h0PSIxIiB4bWxucz0iaHR0cDovL3d3dy53My5vcmcvMjAwMC9zdmciPjwvc3ZnPg==\" style=\"--smush-placeholder-width: 768px; --smush-placeholder-aspect-ratio: 768\/1024;\" \/><\/figure>\n<\/div>\n\n<div class=\"wp-block-image\">\n<figure class=\"aligncenter size-large\"><img decoding=\"async\" width=\"1024\" height=\"546\" data-src=\"https:\/\/www.artso.org\/wp-content\/uploads\/2023\/10\/Voix-du-Nord-M.-Chat-1024x546.png\" alt=\"\" class=\"wp-image-3777 lazyload\" data-srcset=\"https:\/\/www.artso.org\/wp-content\/uploads\/2023\/10\/Voix-du-Nord-M.-Chat-1024x546.png 1024w, https:\/\/www.artso.org\/wp-content\/uploads\/2023\/10\/Voix-du-Nord-M.-Chat-300x160.png 300w, https:\/\/www.artso.org\/wp-content\/uploads\/2023\/10\/Voix-du-Nord-M.-Chat-768x409.png 768w, https:\/\/www.artso.org\/wp-content\/uploads\/2023\/10\/Voix-du-Nord-M.-Chat-1200x640.png 1200w, https:\/\/www.artso.org\/wp-content\/uploads\/2023\/10\/Voix-du-Nord-M.-Chat.png 1456w\" data-sizes=\"(max-width: 1024px) 100vw, 1024px\" src=\"data:image\/svg+xml;base64,PHN2ZyB3aWR0aD0iMSIgaGVpZ2h0PSIxIiB4bWxucz0iaHR0cDovL3d3dy53My5vcmcvMjAwMC9zdmciPjwvc3ZnPg==\" style=\"--smush-placeholder-width: 1024px; --smush-placeholder-aspect-ratio: 1024\/546;\" \/><\/figure>\n<\/div><\/div><\/div>\n\n\n\n<p class=\"has-text-align-center has-small-font-size\"><a href=\"https:\/\/www.lavoixdunord.fr\/1374081\/article\/2023-09-17\/l-artiste-m-chat-signe-une-fresque-monumentale-roubaix\">Article de la Voix du Nord<\/a><\/p>\n\n\n\n<hr class=\"wp-block-separator has-css-opacity is-style-wide\"\/>\n\n\n\n<p class=\"has-text-align-center\"><mark style=\"background-color:rgba(0, 0, 0, 0)\" class=\"has-inline-color has-light-gray-color\">\u00c0 propos de l&rsquo;artiste<\/mark><\/p>\n\n\n\n<p style=\"font-size:16px\">Thoma VUILLE alias M. CHAT, est un peintre franco-suisse issu de l\u2019art urbain.&nbsp;N\u00e9 \u00e0 Boudry en Suisse, le 16 juillet 1977, il est c\u00e9l\u00e8bre pour la s\u00e9rie graphique de M. CHAT r\u00e9pr\u00e9sentant un f\u00e9lin jaune au large sourire.&nbsp;<\/p>\n\n\n\n<p style=\"font-size:16px\">\u00ab Le cadre de mon travail est la ville, ses rues, ses murs, et le regard de ceux qui l\u2019habitent. Je cherche \u00e0 cr\u00e9er des supports \u00e0 la narration de la ville pour ses habitants, participant \u00e0 la naissance et \u00e0 l\u2019\u00e9change d\u2019une culture de proximit\u00e9. \u00bb<br><br><a rel=\"noreferrer noopener\" href=\"https:\/\/monsieurchat.fr\/\" target=\"_blank\">https:\/\/monsieurchat.fr\/<\/a><\/p>\n\n\n\n<hr class=\"wp-block-separator has-css-opacity is-style-wide\"\/>\n\n\n\n<figure class=\"wp-block-gallery aligncenter has-nested-images columns-2 is-cropped wp-block-gallery-1 is-layout-flex wp-block-gallery-is-layout-flex\">\n<figure class=\"wp-block-image size-full\"><img decoding=\"async\" width=\"941\" height=\"671\" data-id=\"3781\" data-src=\"https:\/\/www.artso.org\/wp-content\/uploads\/2023\/10\/Ville-de-Roubaix-Logo.png\" alt=\"\" class=\"wp-image-3781 lazyload\" data-srcset=\"https:\/\/www.artso.org\/wp-content\/uploads\/2023\/10\/Ville-de-Roubaix-Logo.png 941w, https:\/\/www.artso.org\/wp-content\/uploads\/2023\/10\/Ville-de-Roubaix-Logo-300x214.png 300w, https:\/\/www.artso.org\/wp-content\/uploads\/2023\/10\/Ville-de-Roubaix-Logo-768x548.png 768w\" data-sizes=\"(max-width: 941px) 100vw, 941px\" src=\"data:image\/svg+xml;base64,PHN2ZyB3aWR0aD0iMSIgaGVpZ2h0PSIxIiB4bWxucz0iaHR0cDovL3d3dy53My5vcmcvMjAwMC9zdmciPjwvc3ZnPg==\" style=\"--smush-placeholder-width: 941px; --smush-placeholder-aspect-ratio: 941\/671;\" \/><\/figure>\n\n\n\n<figure class=\"wp-block-image size-full\"><img decoding=\"async\" width=\"400\" height=\"400\" data-id=\"3779\" data-src=\"https:\/\/www.artso.org\/wp-content\/uploads\/2023\/10\/Logo-carr__400x400.jpg\" alt=\"\" class=\"wp-image-3779 lazyload\" data-srcset=\"https:\/\/www.artso.org\/wp-content\/uploads\/2023\/10\/Logo-carr__400x400.jpg 400w, https:\/\/www.artso.org\/wp-content\/uploads\/2023\/10\/Logo-carr__400x400-300x300.jpg 300w, https:\/\/www.artso.org\/wp-content\/uploads\/2023\/10\/Logo-carr__400x400-150x150.jpg 150w\" data-sizes=\"(max-width: 400px) 100vw, 400px\" src=\"data:image\/svg+xml;base64,PHN2ZyB3aWR0aD0iMSIgaGVpZ2h0PSIxIiB4bWxucz0iaHR0cDovL3d3dy53My5vcmcvMjAwMC9zdmciPjwvc3ZnPg==\" style=\"--smush-placeholder-width: 400px; --smush-placeholder-aspect-ratio: 400\/400;\" \/><\/figure>\n<\/figure>\n\n\n\n<hr class=\"wp-block-separator has-css-opacity\"\/>\n","protected":false},"excerpt":{"rendered":"<p>Fresque murale de 160 m2 L\u2019artiste M. Chat signe une fresque monumentale \u00e0 Roubaix Command\u00e9 par la municipalit\u00e9 de Roubaix, l\u2019artiste M. Chat a r\u00e9alis\u00e9 une fresque monumentale dans le centre-ville. Cet hiver, elle prendra vie gr\u00e2ce \u00e0 une projection vid\u00e9o command\u00e9e dans le cadre du parcours lumi\u00e8re. Le c\u00e9l\u00e8bre chat jaune d\u00e9barque \u00e0 Roubaix&nbsp;pour [&hellip;]<\/p>\n","protected":false},"author":1,"featured_media":3776,"comment_status":"closed","ping_status":"closed","sticky":false,"template":"","format":"standard","meta":{"footnotes":""},"categories":[25,10],"tags":[],"class_list":["post-3771","post","type-post","status-publish","format-standard","has-post-thumbnail","hentry","category-projet","category-fresque","has-thumbnail"],"_links":{"self":[{"href":"https:\/\/www.artso.org\/index.php\/wp-json\/wp\/v2\/posts\/3771","targetHints":{"allow":["GET"]}}],"collection":[{"href":"https:\/\/www.artso.org\/index.php\/wp-json\/wp\/v2\/posts"}],"about":[{"href":"https:\/\/www.artso.org\/index.php\/wp-json\/wp\/v2\/types\/post"}],"author":[{"embeddable":true,"href":"https:\/\/www.artso.org\/index.php\/wp-json\/wp\/v2\/users\/1"}],"replies":[{"embeddable":true,"href":"https:\/\/www.artso.org\/index.php\/wp-json\/wp\/v2\/comments?post=3771"}],"version-history":[{"count":4,"href":"https:\/\/www.artso.org\/index.php\/wp-json\/wp\/v2\/posts\/3771\/revisions"}],"predecessor-version":[{"id":6312,"href":"https:\/\/www.artso.org\/index.php\/wp-json\/wp\/v2\/posts\/3771\/revisions\/6312"}],"wp:featuredmedia":[{"embeddable":true,"href":"https:\/\/www.artso.org\/index.php\/wp-json\/wp\/v2\/media\/3776"}],"wp:attachment":[{"href":"https:\/\/www.artso.org\/index.php\/wp-json\/wp\/v2\/media?parent=3771"}],"wp:term":[{"taxonomy":"category","embeddable":true,"href":"https:\/\/www.artso.org\/index.php\/wp-json\/wp\/v2\/categories?post=3771"},{"taxonomy":"post_tag","embeddable":true,"href":"https:\/\/www.artso.org\/index.php\/wp-json\/wp\/v2\/tags?post=3771"}],"curies":[{"name":"wp","href":"https:\/\/api.w.org\/{rel}","templated":true}]}}