{"id":3795,"date":"2023-10-01T17:27:14","date_gmt":"2023-10-01T15:27:14","guid":{"rendered":"https:\/\/www.artso.org\/?p=3795"},"modified":"2025-02-10T18:36:55","modified_gmt":"2025-02-10T17:36:55","slug":"sculptures-gregory-valentinbagneux2023","status":"publish","type":"post","link":"https:\/\/www.artso.org\/index.php\/2023\/10\/01\/sculptures-gregory-valentinbagneux2023\/","title":{"rendered":"Sculptures \/ Gregory Valentin<br>BNPI"},"content":{"rendered":"\n<p class=\"has-text-align-center has-large-font-size\">Sculptures inox <\/p>\n\n\n\n<p class=\"has-text-align-center has-large-font-size\"><strong>Vie + Libre<\/strong><\/p>\n\n\n\n<p class=\"has-text-align-center has-large-font-size\">Installation de deux grandes sculptures de l\u2019artiste Gr\u00e9gory Valentin pour la r\u00e9sidence AT HOME \u00e0 Bagneux du promoteur BNPI dans le cadre du dispositif\u00a0<a href=\"https:\/\/www.instagram.com\/unimmeubleuneoeuvre\/\">unimmeubleuneoeuvre<\/a><\/p>\n\n\n\n<hr class=\"wp-block-separator has-css-opacity is-style-wide\"\/>\n\n\n\n<p class=\"has-text-align-center\"><strong>LIBRE<\/strong><\/p>\n\n\n\n<p class=\"has-text-align-center\">d&rsquo;apr\u00e8s les articles 1 de la D\u00e9claration Universelle des droits de l&rsquo;Homme<br>Sculpture en inox 7mm &#8211; Dimensions 250x170cm<\/p>\n\n\n\n<div class=\"wp-block-group alignfull\"><div class=\"wp-block-group__inner-container is-layout-flow wp-block-group-is-layout-flow\"><div class=\"wp-block-image\">\n<figure class=\"aligncenter size-large\"><img decoding=\"async\" width=\"768\" height=\"1024\" data-src=\"https:\/\/www.artso.org\/wp-content\/uploads\/2023\/10\/3-768x1024.jpg\" alt=\"\" class=\"wp-image-3796 lazyload\" data-srcset=\"https:\/\/www.artso.org\/wp-content\/uploads\/2023\/10\/3-768x1024.jpg 768w, https:\/\/www.artso.org\/wp-content\/uploads\/2023\/10\/3-225x300.jpg 225w, https:\/\/www.artso.org\/wp-content\/uploads\/2023\/10\/3-1152x1536.jpg 1152w, https:\/\/www.artso.org\/wp-content\/uploads\/2023\/10\/3-1536x2048.jpg 1536w, https:\/\/www.artso.org\/wp-content\/uploads\/2023\/10\/3-1200x1600.jpg 1200w, https:\/\/www.artso.org\/wp-content\/uploads\/2023\/10\/3-1860x2480.jpg 1860w, https:\/\/www.artso.org\/wp-content\/uploads\/2023\/10\/3-scaled.jpg 1920w\" data-sizes=\"(max-width: 768px) 100vw, 768px\" src=\"data:image\/svg+xml;base64,PHN2ZyB3aWR0aD0iMSIgaGVpZ2h0PSIxIiB4bWxucz0iaHR0cDovL3d3dy53My5vcmcvMjAwMC9zdmciPjwvc3ZnPg==\" style=\"--smush-placeholder-width: 768px; --smush-placeholder-aspect-ratio: 768\/1024;\" \/><\/figure>\n<\/div>\n\n<div class=\"wp-block-image\">\n<figure class=\"aligncenter size-large\"><img decoding=\"async\" width=\"1024\" height=\"512\" data-src=\"https:\/\/www.artso.org\/wp-content\/uploads\/2023\/10\/Libres-Inox-Rouge-1024x512.jpg\" alt=\"\" class=\"wp-image-3811 lazyload\" data-srcset=\"https:\/\/www.artso.org\/wp-content\/uploads\/2023\/10\/Libres-Inox-Rouge-1024x512.jpg 1024w, https:\/\/www.artso.org\/wp-content\/uploads\/2023\/10\/Libres-Inox-Rouge-300x150.jpg 300w, https:\/\/www.artso.org\/wp-content\/uploads\/2023\/10\/Libres-Inox-Rouge-768x384.jpg 768w, https:\/\/www.artso.org\/wp-content\/uploads\/2023\/10\/Libres-Inox-Rouge-1536x768.jpg 1536w, https:\/\/www.artso.org\/wp-content\/uploads\/2023\/10\/Libres-Inox-Rouge-2048x1024.jpg 2048w, https:\/\/www.artso.org\/wp-content\/uploads\/2023\/10\/Libres-Inox-Rouge-1200x600.jpg 1200w, https:\/\/www.artso.org\/wp-content\/uploads\/2023\/10\/Libres-Inox-Rouge-1860x930.jpg 1860w\" data-sizes=\"(max-width: 1024px) 100vw, 1024px\" src=\"data:image\/svg+xml;base64,PHN2ZyB3aWR0aD0iMSIgaGVpZ2h0PSIxIiB4bWxucz0iaHR0cDovL3d3dy53My5vcmcvMjAwMC9zdmciPjwvc3ZnPg==\" style=\"--smush-placeholder-width: 1024px; --smush-placeholder-aspect-ratio: 1024\/512;\" \/><\/figure>\n<\/div><\/div><\/div>\n\n\n\n<hr class=\"wp-block-separator has-css-opacity is-style-wide\"\/>\n\n\n\n<p class=\"has-text-align-center\"><strong>VIE<\/strong><\/p>\n\n\n\n<p class=\"has-text-align-center\">d&rsquo;apr\u00e8s les articles 3 de la D\u00e9claration Universelle des droits de l&rsquo;Homme<br>Sculpture en inox 7mm &#8211; Dimensions 250x170cm<\/p>\n\n\n<div class=\"wp-block-image\">\n<figure class=\"aligncenter size-large\"><img decoding=\"async\" width=\"768\" height=\"1024\" data-src=\"https:\/\/www.artso.org\/wp-content\/uploads\/2023\/10\/5-768x1024.jpg\" alt=\"\" class=\"wp-image-3797 lazyload\" data-srcset=\"https:\/\/www.artso.org\/wp-content\/uploads\/2023\/10\/5-768x1024.jpg 768w, https:\/\/www.artso.org\/wp-content\/uploads\/2023\/10\/5-225x300.jpg 225w, https:\/\/www.artso.org\/wp-content\/uploads\/2023\/10\/5-1152x1536.jpg 1152w, https:\/\/www.artso.org\/wp-content\/uploads\/2023\/10\/5-1536x2048.jpg 1536w, https:\/\/www.artso.org\/wp-content\/uploads\/2023\/10\/5-1200x1600.jpg 1200w, https:\/\/www.artso.org\/wp-content\/uploads\/2023\/10\/5-1860x2480.jpg 1860w, https:\/\/www.artso.org\/wp-content\/uploads\/2023\/10\/5-scaled.jpg 1920w\" data-sizes=\"(max-width: 768px) 100vw, 768px\" src=\"data:image\/svg+xml;base64,PHN2ZyB3aWR0aD0iMSIgaGVpZ2h0PSIxIiB4bWxucz0iaHR0cDovL3d3dy53My5vcmcvMjAwMC9zdmciPjwvc3ZnPg==\" style=\"--smush-placeholder-width: 768px; --smush-placeholder-aspect-ratio: 768\/1024;\" \/><\/figure>\n<\/div>\n\n<div class=\"wp-block-image\">\n<figure class=\"aligncenter size-large\"><img decoding=\"async\" width=\"1024\" height=\"512\" data-src=\"https:\/\/www.artso.org\/wp-content\/uploads\/2023\/10\/Vie-Inox-Rouge-1024x512.jpg\" alt=\"\" class=\"wp-image-3812 lazyload\" data-srcset=\"https:\/\/www.artso.org\/wp-content\/uploads\/2023\/10\/Vie-Inox-Rouge-1024x512.jpg 1024w, https:\/\/www.artso.org\/wp-content\/uploads\/2023\/10\/Vie-Inox-Rouge-300x150.jpg 300w, https:\/\/www.artso.org\/wp-content\/uploads\/2023\/10\/Vie-Inox-Rouge-768x384.jpg 768w, https:\/\/www.artso.org\/wp-content\/uploads\/2023\/10\/Vie-Inox-Rouge-1536x768.jpg 1536w, https:\/\/www.artso.org\/wp-content\/uploads\/2023\/10\/Vie-Inox-Rouge-2048x1024.jpg 2048w, https:\/\/www.artso.org\/wp-content\/uploads\/2023\/10\/Vie-Inox-Rouge-1200x600.jpg 1200w, https:\/\/www.artso.org\/wp-content\/uploads\/2023\/10\/Vie-Inox-Rouge-1860x930.jpg 1860w\" data-sizes=\"(max-width: 1024px) 100vw, 1024px\" src=\"data:image\/svg+xml;base64,PHN2ZyB3aWR0aD0iMSIgaGVpZ2h0PSIxIiB4bWxucz0iaHR0cDovL3d3dy53My5vcmcvMjAwMC9zdmciPjwvc3ZnPg==\" style=\"--smush-placeholder-width: 1024px; --smush-placeholder-aspect-ratio: 1024\/512;\" \/><\/figure>\n<\/div>\n\n\n<hr class=\"wp-block-separator has-css-opacity is-style-wide\"\/>\n\n\n\n<p class=\"has-text-align-center\"><mark style=\"background-color:rgba(0, 0, 0, 0)\" class=\"has-inline-color has-light-gray-color\">\u00c0 propos de l&rsquo;artiste<\/mark><\/p>\n\n\n\n<p>Architecte de formation,&nbsp;<strong>Gr\u00e9gory Valentin<\/strong>, est un amoureux des livres, des lignes et de l\u2019Art. Il int\u00e8gre dans ses tableaux l\u2019int\u00e9grale d\u2019\u0153uvres litt\u00e9raires en jouant avec les espaces, les polices, les lettres pour en restituer une \u00e9motion intense et une esth\u00e9tique parfaite. Gr\u00e9gory Valentin pr\u00e9sente un minutieux travail de composition o\u00f9 il va discipliner, contenir et mettre en forme des textes pour recr\u00e9er l\u2019int\u00e9gralit\u00e9 d\u2019un livre sous forme artistique. La finalit\u00e9 de son travail pr\u00e9sente \u00e0 la fois une \u0153uvre abstraite reposante et esth\u00e9tique tout en donnant vie aux \u0153uvres litt\u00e9raires desquels il s\u2019inspire.<br><br><a href=\"http:\/\/especedelivre.com\/\">http:\/\/especedelivre.com\/<\/a><\/p>\n\n\n\n<hr class=\"wp-block-separator has-css-opacity is-style-wide\"\/>\n\n\n\n<figure class=\"wp-block-gallery aligncenter has-nested-images columns-2 is-cropped wp-block-gallery-1 is-layout-flex wp-block-gallery-is-layout-flex\">\n<figure class=\"wp-block-image size-full\"><img decoding=\"async\" width=\"160\" height=\"160\" data-id=\"3798\" data-src=\"https:\/\/www.artso.org\/wp-content\/uploads\/2023\/10\/Anagraphis-Logo-couleur.jpg\" alt=\"\" class=\"wp-image-3798 lazyload\" style=\"--smush-placeholder-width: 160px; --smush-placeholder-aspect-ratio: 160\/160;aspect-ratio:3\/2;object-fit:contain\" data-srcset=\"https:\/\/www.artso.org\/wp-content\/uploads\/2023\/10\/Anagraphis-Logo-couleur.jpg 160w, https:\/\/www.artso.org\/wp-content\/uploads\/2023\/10\/Anagraphis-Logo-couleur-150x150.jpg 150w\" data-sizes=\"(max-width: 160px) 100vw, 160px\" src=\"data:image\/svg+xml;base64,PHN2ZyB3aWR0aD0iMSIgaGVpZ2h0PSIxIiB4bWxucz0iaHR0cDovL3d3dy53My5vcmcvMjAwMC9zdmciPjwvc3ZnPg==\" \/><\/figure>\n\n\n\n<figure class=\"wp-block-image size-full\"><img decoding=\"async\" width=\"696\" height=\"204\" data-id=\"3800\" data-src=\"https:\/\/www.artso.org\/wp-content\/uploads\/2023\/10\/BNP_PARIVAS_IMMO_BL_F_Q-removebg-preview.png\" alt=\"\" class=\"wp-image-3800 lazyload\" style=\"--smush-placeholder-width: 696px; --smush-placeholder-aspect-ratio: 696\/204;aspect-ratio:1;object-fit:contain\" data-srcset=\"https:\/\/www.artso.org\/wp-content\/uploads\/2023\/10\/BNP_PARIVAS_IMMO_BL_F_Q-removebg-preview.png 696w, https:\/\/www.artso.org\/wp-content\/uploads\/2023\/10\/BNP_PARIVAS_IMMO_BL_F_Q-removebg-preview-300x88.png 300w\" data-sizes=\"(max-width: 696px) 100vw, 696px\" src=\"data:image\/svg+xml;base64,PHN2ZyB3aWR0aD0iMSIgaGVpZ2h0PSIxIiB4bWxucz0iaHR0cDovL3d3dy53My5vcmcvMjAwMC9zdmciPjwvc3ZnPg==\" \/><\/figure>\n<\/figure>\n\n\n\n<hr class=\"wp-block-separator has-css-opacity\"\/>\n","protected":false},"excerpt":{"rendered":"<p>Sculptures inox Vie + Libre Installation de deux grandes sculptures de l\u2019artiste Gr\u00e9gory Valentin pour la r\u00e9sidence AT HOME \u00e0 Bagneux du promoteur BNPI dans le cadre du dispositif\u00a0unimmeubleuneoeuvre LIBRE d&rsquo;apr\u00e8s les articles 1 de la D\u00e9claration Universelle des droits de l&rsquo;HommeSculpture en inox 7mm &#8211; Dimensions 250x170cm VIE d&rsquo;apr\u00e8s les articles 3 de la [&hellip;]<\/p>\n","protected":false},"author":1,"featured_media":3796,"comment_status":"closed","ping_status":"closed","sticky":false,"template":"","format":"standard","meta":{"footnotes":""},"categories":[25,10,11],"tags":[],"class_list":["post-3795","post","type-post","status-publish","format-standard","has-post-thumbnail","hentry","category-projet","category-fresque","category-gregory-valentin","has-thumbnail"],"_links":{"self":[{"href":"https:\/\/www.artso.org\/index.php\/wp-json\/wp\/v2\/posts\/3795","targetHints":{"allow":["GET"]}}],"collection":[{"href":"https:\/\/www.artso.org\/index.php\/wp-json\/wp\/v2\/posts"}],"about":[{"href":"https:\/\/www.artso.org\/index.php\/wp-json\/wp\/v2\/types\/post"}],"author":[{"embeddable":true,"href":"https:\/\/www.artso.org\/index.php\/wp-json\/wp\/v2\/users\/1"}],"replies":[{"embeddable":true,"href":"https:\/\/www.artso.org\/index.php\/wp-json\/wp\/v2\/comments?post=3795"}],"version-history":[{"count":5,"href":"https:\/\/www.artso.org\/index.php\/wp-json\/wp\/v2\/posts\/3795\/revisions"}],"predecessor-version":[{"id":6318,"href":"https:\/\/www.artso.org\/index.php\/wp-json\/wp\/v2\/posts\/3795\/revisions\/6318"}],"wp:featuredmedia":[{"embeddable":true,"href":"https:\/\/www.artso.org\/index.php\/wp-json\/wp\/v2\/media\/3796"}],"wp:attachment":[{"href":"https:\/\/www.artso.org\/index.php\/wp-json\/wp\/v2\/media?parent=3795"}],"wp:term":[{"taxonomy":"category","embeddable":true,"href":"https:\/\/www.artso.org\/index.php\/wp-json\/wp\/v2\/categories?post=3795"},{"taxonomy":"post_tag","embeddable":true,"href":"https:\/\/www.artso.org\/index.php\/wp-json\/wp\/v2\/tags?post=3795"}],"curies":[{"name":"wp","href":"https:\/\/api.w.org\/{rel}","templated":true}]}}