{"id":3802,"date":"2023-10-01T17:41:16","date_gmt":"2023-10-01T15:41:16","guid":{"rendered":"https:\/\/www.artso.org\/?p=3802"},"modified":"2025-02-10T18:32:01","modified_gmt":"2025-02-10T17:32:01","slug":"fresque-polarbagneux2023","status":"publish","type":"post","link":"https:\/\/www.artso.org\/index.php\/2023\/10\/01\/fresque-polarbagneux2023\/","title":{"rendered":"Fresque \/ POLAR<br>BAGNEUX x BNPI"},"content":{"rendered":"\n<p class=\"has-text-align-center has-large-font-size\">Fresques murales <\/p>\n\n\n\n<p class=\"has-text-align-center has-large-font-size\"><strong>NIGHT TIME<\/strong> <strong> + DAYTIME<\/strong><\/p>\n\n\n\n<p class=\"has-text-align-center has-large-font-size\">R\u00e9alisation de deux fresques murales de l&rsquo;artiste Polar pour la r\u00e9sidence BOCAGE \u00e0 Bagneux du promoteur BNPI  pour le dans le cadre du dispositif&nbsp;<a href=\"https:\/\/www.instagram.com\/unimmeubleuneoeuvre\/\">unimmeubleuneoeuvre<\/a><\/p>\n\n\n\n<hr class=\"wp-block-separator has-css-opacity is-style-wide\"\/>\n\n\n\n<p class=\"has-text-align-center\"><strong>NIGHT TIME<\/strong><\/p>\n\n\n\n<p class=\"has-text-align-center\">Invitation faite \u00e0 la nature en milieu urbain. Paysage symbolique, cette oeuvre permet l\u2018\u00e9vasion vers un monde imaginaire, \u00e9pur\u00e9 et po\u00e9tique.<br>dimensions : 350 x 323 cm<\/p>\n\n\n\n<div class=\"wp-block-group alignfull\"><div class=\"wp-block-group__inner-container is-layout-flow wp-block-group-is-layout-flow\"><div class=\"wp-block-image\">\n<figure class=\"aligncenter size-large\"><img decoding=\"async\" width=\"1024\" height=\"945\" data-src=\"https:\/\/www.artso.org\/wp-content\/uploads\/2023\/10\/POLAR-AB-1024x945.jpg\" alt=\"\" class=\"wp-image-3803 lazyload\" data-srcset=\"https:\/\/www.artso.org\/wp-content\/uploads\/2023\/10\/POLAR-AB-1024x945.jpg 1024w, https:\/\/www.artso.org\/wp-content\/uploads\/2023\/10\/POLAR-AB-300x277.jpg 300w, https:\/\/www.artso.org\/wp-content\/uploads\/2023\/10\/POLAR-AB-768x709.jpg 768w, https:\/\/www.artso.org\/wp-content\/uploads\/2023\/10\/POLAR-AB-1536x1417.jpg 1536w, https:\/\/www.artso.org\/wp-content\/uploads\/2023\/10\/POLAR-AB-2048x1889.jpg 2048w, https:\/\/www.artso.org\/wp-content\/uploads\/2023\/10\/POLAR-AB-1200x1107.jpg 1200w, https:\/\/www.artso.org\/wp-content\/uploads\/2023\/10\/POLAR-AB-1860x1716.jpg 1860w\" data-sizes=\"(max-width: 1024px) 100vw, 1024px\" src=\"data:image\/svg+xml;base64,PHN2ZyB3aWR0aD0iMSIgaGVpZ2h0PSIxIiB4bWxucz0iaHR0cDovL3d3dy53My5vcmcvMjAwMC9zdmciPjwvc3ZnPg==\" style=\"--smush-placeholder-width: 1024px; --smush-placeholder-aspect-ratio: 1024\/945;\" \/><\/figure>\n<\/div>\n\n<div class=\"wp-block-image\">\n<figure class=\"aligncenter size-large\"><img decoding=\"async\" width=\"1024\" height=\"521\" data-src=\"https:\/\/www.artso.org\/wp-content\/uploads\/2023\/10\/Capture-Polar-Porche-AB-Coupe-AA-1024x521.jpg\" alt=\"\" class=\"wp-image-3805 lazyload\" data-srcset=\"https:\/\/www.artso.org\/wp-content\/uploads\/2023\/10\/Capture-Polar-Porche-AB-Coupe-AA-1024x521.jpg 1024w, https:\/\/www.artso.org\/wp-content\/uploads\/2023\/10\/Capture-Polar-Porche-AB-Coupe-AA-300x153.jpg 300w, https:\/\/www.artso.org\/wp-content\/uploads\/2023\/10\/Capture-Polar-Porche-AB-Coupe-AA-768x391.jpg 768w, https:\/\/www.artso.org\/wp-content\/uploads\/2023\/10\/Capture-Polar-Porche-AB-Coupe-AA-1536x782.jpg 1536w, https:\/\/www.artso.org\/wp-content\/uploads\/2023\/10\/Capture-Polar-Porche-AB-Coupe-AA-1200x611.jpg 1200w, https:\/\/www.artso.org\/wp-content\/uploads\/2023\/10\/Capture-Polar-Porche-AB-Coupe-AA-1860x947.jpg 1860w, https:\/\/www.artso.org\/wp-content\/uploads\/2023\/10\/Capture-Polar-Porche-AB-Coupe-AA.jpg 1915w\" data-sizes=\"(max-width: 1024px) 100vw, 1024px\" src=\"data:image\/svg+xml;base64,PHN2ZyB3aWR0aD0iMSIgaGVpZ2h0PSIxIiB4bWxucz0iaHR0cDovL3d3dy53My5vcmcvMjAwMC9zdmciPjwvc3ZnPg==\" style=\"--smush-placeholder-width: 1024px; --smush-placeholder-aspect-ratio: 1024\/521;\" \/><\/figure>\n<\/div><\/div><\/div>\n\n\n\n<hr class=\"wp-block-separator has-css-opacity is-style-wide\"\/>\n\n\n\n<p class=\"has-text-align-center\"><strong>DAY TIME<\/strong><\/p>\n\n\n\n<p class=\"has-text-align-center\">Fen\u00eatre sur cour ensoleill\u00e9e et verdoyante. Fl\u00e2ner \u00e0 l\u2019ombre de ses feuillages apporte une grande fraicheur \u00e0 celui qui s\u2019y aventure.<br>dimensions : 230 x 440 cm<\/p>\n\n\n<div class=\"wp-block-image\">\n<figure class=\"aligncenter size-large\"><img decoding=\"async\" width=\"535\" height=\"1024\" data-src=\"https:\/\/www.artso.org\/wp-content\/uploads\/2023\/10\/POLAR-BC-535x1024.jpg\" alt=\"\" class=\"wp-image-3804 lazyload\" data-srcset=\"https:\/\/www.artso.org\/wp-content\/uploads\/2023\/10\/POLAR-BC-535x1024.jpg 535w, https:\/\/www.artso.org\/wp-content\/uploads\/2023\/10\/POLAR-BC-157x300.jpg 157w, https:\/\/www.artso.org\/wp-content\/uploads\/2023\/10\/POLAR-BC-768x1469.jpg 768w, https:\/\/www.artso.org\/wp-content\/uploads\/2023\/10\/POLAR-BC-803x1536.jpg 803w, https:\/\/www.artso.org\/wp-content\/uploads\/2023\/10\/POLAR-BC-1071x2048.jpg 1071w, https:\/\/www.artso.org\/wp-content\/uploads\/2023\/10\/POLAR-BC-1200x2296.jpg 1200w, https:\/\/www.artso.org\/wp-content\/uploads\/2023\/10\/POLAR-BC-1860x3558.jpg 1860w, https:\/\/www.artso.org\/wp-content\/uploads\/2023\/10\/POLAR-BC-scaled.jpg 1338w\" data-sizes=\"(max-width: 535px) 100vw, 535px\" src=\"data:image\/svg+xml;base64,PHN2ZyB3aWR0aD0iMSIgaGVpZ2h0PSIxIiB4bWxucz0iaHR0cDovL3d3dy53My5vcmcvMjAwMC9zdmciPjwvc3ZnPg==\" style=\"--smush-placeholder-width: 535px; --smush-placeholder-aspect-ratio: 535\/1024;\" \/><\/figure>\n<\/div>\n\n\n<div class=\"wp-block-group alignfull\"><div class=\"wp-block-group__inner-container is-layout-flow wp-block-group-is-layout-flow\"><div class=\"wp-block-image\">\n<figure class=\"aligncenter size-large\"><img decoding=\"async\" width=\"1024\" height=\"535\" data-src=\"https:\/\/www.artso.org\/wp-content\/uploads\/2023\/10\/Capture-Polar-Porche-BC-Coupe-AA-1024x535.jpg\" alt=\"\" class=\"wp-image-3809 lazyload\" data-srcset=\"https:\/\/www.artso.org\/wp-content\/uploads\/2023\/10\/Capture-Polar-Porche-BC-Coupe-AA-1024x535.jpg 1024w, https:\/\/www.artso.org\/wp-content\/uploads\/2023\/10\/Capture-Polar-Porche-BC-Coupe-AA-300x157.jpg 300w, https:\/\/www.artso.org\/wp-content\/uploads\/2023\/10\/Capture-Polar-Porche-BC-Coupe-AA-768x401.jpg 768w, https:\/\/www.artso.org\/wp-content\/uploads\/2023\/10\/Capture-Polar-Porche-BC-Coupe-AA-1536x803.jpg 1536w, https:\/\/www.artso.org\/wp-content\/uploads\/2023\/10\/Capture-Polar-Porche-BC-Coupe-AA-2048x1070.jpg 2048w, https:\/\/www.artso.org\/wp-content\/uploads\/2023\/10\/Capture-Polar-Porche-BC-Coupe-AA-1200x627.jpg 1200w, https:\/\/www.artso.org\/wp-content\/uploads\/2023\/10\/Capture-Polar-Porche-BC-Coupe-AA-1860x972.jpg 1860w\" data-sizes=\"(max-width: 1024px) 100vw, 1024px\" src=\"data:image\/svg+xml;base64,PHN2ZyB3aWR0aD0iMSIgaGVpZ2h0PSIxIiB4bWxucz0iaHR0cDovL3d3dy53My5vcmcvMjAwMC9zdmciPjwvc3ZnPg==\" style=\"--smush-placeholder-width: 1024px; --smush-placeholder-aspect-ratio: 1024\/535;\" \/><\/figure>\n<\/div><\/div><\/div>\n\n\n\n<hr class=\"wp-block-separator has-css-opacity is-style-wide\"\/>\n\n\n\n<p class=\"has-text-align-center\"><mark style=\"background-color:rgba(0, 0, 0, 0)\" class=\"has-inline-color has-light-gray-color\">\u00c0 propos de l&rsquo;artiste<\/mark><\/p>\n\n\n\n<p>L\u2019aventure et le voyage r\u00e9sume la peinture mais aussi \u00e0 la vie d\u2019<strong>Olivier Kenneybrew alias Polar,<\/strong> qui a lui-m\u00eame parcouru une partie du globe, r\u00e9coltant saveurs, couleurs et ressentis, dont il t\u00e9moigne au moyen de son pinceau. Qu\u2019il s\u2019agisse du choix des teintes, de celui des formes et des motifs, ou encore des mati\u00e8res et mat\u00e9riaux utilis\u00e9s, l\u2019harmonie est la condition sine qua none.<br><br><a href=\"https:\/\/worldofpolar.com\/\">https:\/\/worldofpolar.com\/<\/a><\/p>\n\n\n\n<hr class=\"wp-block-separator has-css-opacity is-style-wide\"\/>\n\n\n\n<figure class=\"wp-block-gallery aligncenter has-nested-images columns-2 is-cropped wp-block-gallery-1 is-layout-flex wp-block-gallery-is-layout-flex\">\n<figure class=\"wp-block-image size-full\"><img decoding=\"async\" width=\"160\" height=\"160\" data-id=\"3798\" data-src=\"https:\/\/www.artso.org\/wp-content\/uploads\/2023\/10\/Anagraphis-Logo-couleur.jpg\" alt=\"\" class=\"wp-image-3798 lazyload\" style=\"--smush-placeholder-width: 160px; --smush-placeholder-aspect-ratio: 160\/160;aspect-ratio:3\/2;object-fit:contain\" data-srcset=\"https:\/\/www.artso.org\/wp-content\/uploads\/2023\/10\/Anagraphis-Logo-couleur.jpg 160w, https:\/\/www.artso.org\/wp-content\/uploads\/2023\/10\/Anagraphis-Logo-couleur-150x150.jpg 150w\" data-sizes=\"(max-width: 160px) 100vw, 160px\" src=\"data:image\/svg+xml;base64,PHN2ZyB3aWR0aD0iMSIgaGVpZ2h0PSIxIiB4bWxucz0iaHR0cDovL3d3dy53My5vcmcvMjAwMC9zdmciPjwvc3ZnPg==\" \/><\/figure>\n\n\n\n<figure class=\"wp-block-image size-full\"><img decoding=\"async\" width=\"696\" height=\"204\" data-id=\"3800\" data-src=\"https:\/\/www.artso.org\/wp-content\/uploads\/2023\/10\/BNP_PARIVAS_IMMO_BL_F_Q-removebg-preview.png\" alt=\"\" class=\"wp-image-3800 lazyload\" style=\"--smush-placeholder-width: 696px; --smush-placeholder-aspect-ratio: 696\/204;aspect-ratio:1;object-fit:contain\" data-srcset=\"https:\/\/www.artso.org\/wp-content\/uploads\/2023\/10\/BNP_PARIVAS_IMMO_BL_F_Q-removebg-preview.png 696w, https:\/\/www.artso.org\/wp-content\/uploads\/2023\/10\/BNP_PARIVAS_IMMO_BL_F_Q-removebg-preview-300x88.png 300w\" data-sizes=\"(max-width: 696px) 100vw, 696px\" src=\"data:image\/svg+xml;base64,PHN2ZyB3aWR0aD0iMSIgaGVpZ2h0PSIxIiB4bWxucz0iaHR0cDovL3d3dy53My5vcmcvMjAwMC9zdmciPjwvc3ZnPg==\" \/><\/figure>\n<\/figure>\n\n\n\n<hr class=\"wp-block-separator has-css-opacity\"\/>\n","protected":false},"excerpt":{"rendered":"<p>Fresques murales NIGHT TIME + DAYTIME R\u00e9alisation de deux fresques murales de l&rsquo;artiste Polar pour la r\u00e9sidence BOCAGE \u00e0 Bagneux du promoteur BNPI pour le dans le cadre du dispositif&nbsp;unimmeubleuneoeuvre NIGHT TIME Invitation faite \u00e0 la nature en milieu urbain. Paysage symbolique, cette oeuvre permet l\u2018\u00e9vasion vers un monde imaginaire, \u00e9pur\u00e9 et po\u00e9tique.dimensions : 350 [&hellip;]<\/p>\n","protected":false},"author":1,"featured_media":3804,"comment_status":"closed","ping_status":"closed","sticky":false,"template":"","format":"standard","meta":{"footnotes":""},"categories":[25,10],"tags":[],"class_list":["post-3802","post","type-post","status-publish","format-standard","has-post-thumbnail","hentry","category-projet","category-fresque","has-thumbnail"],"_links":{"self":[{"href":"https:\/\/www.artso.org\/index.php\/wp-json\/wp\/v2\/posts\/3802","targetHints":{"allow":["GET"]}}],"collection":[{"href":"https:\/\/www.artso.org\/index.php\/wp-json\/wp\/v2\/posts"}],"about":[{"href":"https:\/\/www.artso.org\/index.php\/wp-json\/wp\/v2\/types\/post"}],"author":[{"embeddable":true,"href":"https:\/\/www.artso.org\/index.php\/wp-json\/wp\/v2\/users\/1"}],"replies":[{"embeddable":true,"href":"https:\/\/www.artso.org\/index.php\/wp-json\/wp\/v2\/comments?post=3802"}],"version-history":[{"count":5,"href":"https:\/\/www.artso.org\/index.php\/wp-json\/wp\/v2\/posts\/3802\/revisions"}],"predecessor-version":[{"id":6309,"href":"https:\/\/www.artso.org\/index.php\/wp-json\/wp\/v2\/posts\/3802\/revisions\/6309"}],"wp:featuredmedia":[{"embeddable":true,"href":"https:\/\/www.artso.org\/index.php\/wp-json\/wp\/v2\/media\/3804"}],"wp:attachment":[{"href":"https:\/\/www.artso.org\/index.php\/wp-json\/wp\/v2\/media?parent=3802"}],"wp:term":[{"taxonomy":"category","embeddable":true,"href":"https:\/\/www.artso.org\/index.php\/wp-json\/wp\/v2\/categories?post=3802"},{"taxonomy":"post_tag","embeddable":true,"href":"https:\/\/www.artso.org\/index.php\/wp-json\/wp\/v2\/tags?post=3802"}],"curies":[{"name":"wp","href":"https:\/\/api.w.org\/{rel}","templated":true}]}}