{"id":3816,"date":"2023-10-01T18:18:23","date_gmt":"2023-10-01T16:18:23","guid":{"rendered":"https:\/\/www.artso.org\/?p=3816"},"modified":"2025-02-10T18:34:45","modified_gmt":"2025-02-10T17:34:45","slug":"expo-jef-aerosollille","status":"publish","type":"post","link":"https:\/\/www.artso.org\/index.php\/2023\/10\/01\/expo-jef-aerosollille\/","title":{"rendered":"Expo \/ Jef A\u00e9rosol<br>Ville de Lille"},"content":{"rendered":"\n<p class=\"has-text-align-center has-large-font-size\"><strong>Mus\u00e9e de L\u2019Hospice Comtesse<\/strong><\/p>\n\n\n\n<p class=\"has-text-align-center has-large-font-size\">L\u2019Hospice Comtesse, le mus\u00e9e d\u2019Art et d\u2019Histoire de la ville de Lille, pr\u00e9sente la premi\u00e8re r\u00e9trospective de l\u2019une des figures internationales du Street Art : Jef A\u00e9rosol.<br>Dans la continuit\u00e9 du 40e anniversaire du premier pochoir de Jef A\u00e9rosol, l\u2019un des pionniers et chefs de file du Street Art, le mus\u00e9e de l\u2019Hospice Comtesse pr\u00e9sente une exposition r\u00e9trospective consacr\u00e9e \u00e0 cet artiste, peintre, musicien, et lillois d\u2019adoption depuis 1984.<br><br>L\u2019exposition Jef A\u00e9rosol Stories est aux yeux de l\u2019artiste, une \u00ab compilation d\u2019instantan\u00e9s, de moments, de souvenirs et de bribes d\u2019aventures \u00bb. Elle t\u00e9moigne de l\u2019histoire de cet homme originaire de Nantes devenu \u00e0 partir des ann\u00e9es 80, un artiste dont les cr\u00e9ations aux quatre coins de la plan\u00e8te interpellent chaque individu. Rapidement, les peintures de Jef A\u00e9rosol sigl\u00e9es d\u2019une fl\u00e8che rouge int\u00e8grent le corpus d\u2019une \u00ab imagerie populaire \u00bb comme l\u2019autoportrait Chuuuttt!!!\u00e0 Paris ou bien encore la fresque Waz\u2019 Up \u00e0 Lille. Cette exposition-\u00e9v\u00e9nement explore la grande diversit\u00e9 et la richesse de son univers. Avec Jef A\u00e9rosol Stories, chacun est invit\u00e9 \u00e0 s\u2019approcher au plus pr\u00e8s de la conception et de la r\u00e9alisation d\u2019un pochoir ou d\u2019une fresque dans la rue ou bien encore d\u2019une toile r\u00e9alis\u00e9e dans l\u2019intimit\u00e9 de l\u2019atelier de l\u2019artiste situ\u00e9 dans la banlieue de Lille.<br><\/p>\n\n\n\n<hr class=\"wp-block-separator has-css-opacity is-style-wide\"\/>\n\n\n\n<div class=\"wp-block-group alignfull\"><div class=\"wp-block-group__inner-container is-layout-flow wp-block-group-is-layout-flow\"><div class=\"wp-block-image\">\n<figure class=\"aligncenter size-large\"><img decoding=\"async\" width=\"682\" height=\"1024\" data-src=\"https:\/\/www.artso.org\/wp-content\/uploads\/2023\/10\/FB-Fly-vertical-682x1024.jpg\" alt=\"\" class=\"wp-image-3819 lazyload\" data-srcset=\"https:\/\/www.artso.org\/wp-content\/uploads\/2023\/10\/FB-Fly-vertical-682x1024.jpg 682w, https:\/\/www.artso.org\/wp-content\/uploads\/2023\/10\/FB-Fly-vertical-200x300.jpg 200w, https:\/\/www.artso.org\/wp-content\/uploads\/2023\/10\/FB-Fly-vertical-768x1153.jpg 768w, https:\/\/www.artso.org\/wp-content\/uploads\/2023\/10\/FB-Fly-vertical-1023x1536.jpg 1023w, https:\/\/www.artso.org\/wp-content\/uploads\/2023\/10\/FB-Fly-vertical-1200x1802.jpg 1200w, https:\/\/www.artso.org\/wp-content\/uploads\/2023\/10\/FB-Fly-vertical.jpg 1364w\" data-sizes=\"(max-width: 682px) 100vw, 682px\" src=\"data:image\/svg+xml;base64,PHN2ZyB3aWR0aD0iMSIgaGVpZ2h0PSIxIiB4bWxucz0iaHR0cDovL3d3dy53My5vcmcvMjAwMC9zdmciPjwvc3ZnPg==\" style=\"--smush-placeholder-width: 682px; --smush-placeholder-aspect-ratio: 682\/1024;\" \/><\/figure>\n<\/div><\/div><\/div>\n\n\n\n<p class=\"has-text-align-center has-small-font-size\"><a href=\"https:\/\/mhc.lille.fr\/exposition-jef-aerosol-stories\">https:\/\/mhc.lille.fr\/exposition-jef-aerosol-stories<\/a><\/p>\n\n\n\n<hr class=\"wp-block-separator has-css-opacity is-style-wide\"\/>\n\n\n\n<p class=\"has-text-align-center\"><mark style=\"background-color:rgba(0, 0, 0, 0)\" class=\"has-inline-color has-light-gray-color\">\u00c0 propos de l&rsquo;artiste<\/mark><\/p>\n\n\n\n<p style=\"font-size:16px\">Jean-Fran\u00e7ois Perroy, plus connu sous le pseudonyme Jef A\u00e9rosol, n\u00e9 \u00e0 Nantes le 15 janvier 1957, est un artiste pochoiriste fran\u00e7ais issu de la premi\u00e8re vague de \u00ab street art \u00bb (art urbain) du d\u00e9but des ann\u00e9es 1980.<br>Il est consid\u00e9r\u00e9 comme l\u2019un des pionniers historiques de ce ph\u00e9nom\u00e8ne artistique.<br><br><a rel=\"noreferrer noopener\" href=\"https:\/\/www.jefaerosol.com\/\" target=\"_blank\">https:\/\/www.jefaerosol.com<\/a><\/p>\n\n\n\n<hr class=\"wp-block-separator has-css-opacity is-style-wide\"\/>\n\n\n\n<figure class=\"wp-block-gallery aligncenter has-nested-images columns-2 is-cropped wp-block-gallery-1 is-layout-flex wp-block-gallery-is-layout-flex\">\n<figure class=\"wp-block-image size-full\"><img decoding=\"async\" width=\"240\" height=\"160\" data-id=\"294\" data-src=\"https:\/\/www.artso.org\/wp-content\/uploads\/2020\/12\/header.jpg\" alt=\"\" class=\"wp-image-294 lazyload\" style=\"--smush-placeholder-width: 240px; --smush-placeholder-aspect-ratio: 240\/160;aspect-ratio:4\/3;object-fit:contain\" src=\"data:image\/svg+xml;base64,PHN2ZyB3aWR0aD0iMSIgaGVpZ2h0PSIxIiB4bWxucz0iaHR0cDovL3d3dy53My5vcmcvMjAwMC9zdmciPjwvc3ZnPg==\" \/><\/figure>\n\n\n\n<figure class=\"wp-block-image size-medium\"><img decoding=\"async\" width=\"300\" height=\"300\" data-id=\"3817\" data-src=\"https:\/\/www.artso.org\/wp-content\/uploads\/2023\/10\/Logo-Ville-de-Lille-Rouge-300x300.png\" alt=\"\" class=\"wp-image-3817 lazyload\" style=\"--smush-placeholder-width: 300px; --smush-placeholder-aspect-ratio: 300\/300;aspect-ratio:16\/9;object-fit:contain\" data-srcset=\"https:\/\/www.artso.org\/wp-content\/uploads\/2023\/10\/Logo-Ville-de-Lille-Rouge-300x300.png 300w, https:\/\/www.artso.org\/wp-content\/uploads\/2023\/10\/Logo-Ville-de-Lille-Rouge-1024x1024.png 1024w, https:\/\/www.artso.org\/wp-content\/uploads\/2023\/10\/Logo-Ville-de-Lille-Rouge-150x150.png 150w, https:\/\/www.artso.org\/wp-content\/uploads\/2023\/10\/Logo-Ville-de-Lille-Rouge-768x768.png 768w, https:\/\/www.artso.org\/wp-content\/uploads\/2023\/10\/Logo-Ville-de-Lille-Rouge-1536x1536.png 1536w, https:\/\/www.artso.org\/wp-content\/uploads\/2023\/10\/Logo-Ville-de-Lille-Rouge-1200x1200.png 1200w, https:\/\/www.artso.org\/wp-content\/uploads\/2023\/10\/Logo-Ville-de-Lille-Rouge-1860x1860.png 1860w, https:\/\/www.artso.org\/wp-content\/uploads\/2023\/10\/Logo-Ville-de-Lille-Rouge.png 1873w\" data-sizes=\"(max-width: 300px) 100vw, 300px\" src=\"data:image\/svg+xml;base64,PHN2ZyB3aWR0aD0iMSIgaGVpZ2h0PSIxIiB4bWxucz0iaHR0cDovL3d3dy53My5vcmcvMjAwMC9zdmciPjwvc3ZnPg==\" \/><\/figure>\n<\/figure>\n\n\n\n<hr class=\"wp-block-separator has-css-opacity\"\/>\n","protected":false},"excerpt":{"rendered":"<p>Mus\u00e9e de L\u2019Hospice Comtesse L\u2019Hospice Comtesse, le mus\u00e9e d\u2019Art et d\u2019Histoire de la ville de Lille, pr\u00e9sente la premi\u00e8re r\u00e9trospective de l\u2019une des figures internationales du Street Art : Jef A\u00e9rosol.Dans la continuit\u00e9 du 40e anniversaire du premier pochoir de Jef A\u00e9rosol, l\u2019un des pionniers et chefs de file du Street Art, le mus\u00e9e de [&hellip;]<\/p>\n","protected":false},"author":1,"featured_media":3819,"comment_status":"closed","ping_status":"closed","sticky":false,"template":"","format":"standard","meta":{"footnotes":""},"categories":[25,4,7],"tags":[],"class_list":["post-3816","post","type-post","status-publish","format-standard","has-post-thumbnail","hentry","category-projet","category-exposition","category-jef-aerosol","has-thumbnail"],"_links":{"self":[{"href":"https:\/\/www.artso.org\/index.php\/wp-json\/wp\/v2\/posts\/3816","targetHints":{"allow":["GET"]}}],"collection":[{"href":"https:\/\/www.artso.org\/index.php\/wp-json\/wp\/v2\/posts"}],"about":[{"href":"https:\/\/www.artso.org\/index.php\/wp-json\/wp\/v2\/types\/post"}],"author":[{"embeddable":true,"href":"https:\/\/www.artso.org\/index.php\/wp-json\/wp\/v2\/users\/1"}],"replies":[{"embeddable":true,"href":"https:\/\/www.artso.org\/index.php\/wp-json\/wp\/v2\/comments?post=3816"}],"version-history":[{"count":3,"href":"https:\/\/www.artso.org\/index.php\/wp-json\/wp\/v2\/posts\/3816\/revisions"}],"predecessor-version":[{"id":6315,"href":"https:\/\/www.artso.org\/index.php\/wp-json\/wp\/v2\/posts\/3816\/revisions\/6315"}],"wp:featuredmedia":[{"embeddable":true,"href":"https:\/\/www.artso.org\/index.php\/wp-json\/wp\/v2\/media\/3819"}],"wp:attachment":[{"href":"https:\/\/www.artso.org\/index.php\/wp-json\/wp\/v2\/media?parent=3816"}],"wp:term":[{"taxonomy":"category","embeddable":true,"href":"https:\/\/www.artso.org\/index.php\/wp-json\/wp\/v2\/categories?post=3816"},{"taxonomy":"post_tag","embeddable":true,"href":"https:\/\/www.artso.org\/index.php\/wp-json\/wp\/v2\/tags?post=3816"}],"curies":[{"name":"wp","href":"https:\/\/api.w.org\/{rel}","templated":true}]}}