{"id":3827,"date":"2023-10-01T18:51:13","date_gmt":"2023-10-01T16:51:13","guid":{"rendered":"https:\/\/www.artso.org\/?p=3827"},"modified":"2025-02-10T18:14:13","modified_gmt":"2025-02-10T17:14:13","slug":"expo-sandrot-faune-fragile","status":"publish","type":"post","link":"https:\/\/www.artso.org\/index.php\/2023\/10\/01\/expo-sandrot-faune-fragile\/","title":{"rendered":"Expo \/ Sandrot<BR> Faune Fragile"},"content":{"rendered":"\n<p class=\"has-text-align-center has-large-font-size\"><strong>Entre art et science<\/strong><br><em>un hymne au respect de la nature<br>et un espoir pour l\u2019avenir<\/em><\/p>\n\n\n\n<p class=\"has-text-align-center has-large-font-size\">L\u2019exposition \u00ab Faune Fragile \u00bb est le fruit de la collaboration scientifique et artistique entre Florian Kirchner charg\u00e9 de programme \u201cEsp\u00e8ces\u201d pour le Comit\u00e9 fran\u00e7ais de <strong>L\u2019UICN<\/strong> (Union internationale pour la conservation de la nature) et l\u2019artiste animali\u00e8re <strong>Sandrot<\/strong>. <br><br>L\u2019exposition est une mise en lumi\u00e8re des esp\u00e8ces animales aujourd\u2019hui menac\u00e9es en France. Le regard sensible et contemplatif de l\u2019artiste peintre Sandrot sert le propos scientifique de Florian Kirchner.<br><br><strong>Objectif <\/strong>: Aller \u00e0 la rencontre du public en associant l\u2019information scientifique et la port\u00e9e sensible de l\u2019art, pour cr\u00e9er des moments de discussion et d\u2019\u00e9change, toucher les consciences et susciter aupr\u00e8s de chacun l\u2019envie d\u2019agir pour ces esp\u00e8ces qui nous entourent.<\/p>\n\n\n\n<hr class=\"wp-block-separator has-css-opacity is-style-wide\"\/>\n\n\n\n<div class=\"wp-block-group alignfull\"><div class=\"wp-block-group__inner-container is-layout-flow wp-block-group-is-layout-flow\"><div class=\"wp-block-image\">\n<figure class=\"aligncenter size-large\"><img decoding=\"async\" width=\"724\" height=\"1024\" data-src=\"https:\/\/www.artso.org\/wp-content\/uploads\/2023\/10\/Faune-Fragile-lExpo-724x1024.jpg\" alt=\"\" class=\"wp-image-3828 lazyload\" data-srcset=\"https:\/\/www.artso.org\/wp-content\/uploads\/2023\/10\/Faune-Fragile-lExpo-724x1024.jpg 724w, https:\/\/www.artso.org\/wp-content\/uploads\/2023\/10\/Faune-Fragile-lExpo-212x300.jpg 212w, https:\/\/www.artso.org\/wp-content\/uploads\/2023\/10\/Faune-Fragile-lExpo-768x1086.jpg 768w, https:\/\/www.artso.org\/wp-content\/uploads\/2023\/10\/Faune-Fragile-lExpo-1086x1536.jpg 1086w, https:\/\/www.artso.org\/wp-content\/uploads\/2023\/10\/Faune-Fragile-lExpo-1200x1697.jpg 1200w, https:\/\/www.artso.org\/wp-content\/uploads\/2023\/10\/Faune-Fragile-lExpo.jpg 1414w\" data-sizes=\"(max-width: 724px) 100vw, 724px\" src=\"data:image\/svg+xml;base64,PHN2ZyB3aWR0aD0iMSIgaGVpZ2h0PSIxIiB4bWxucz0iaHR0cDovL3d3dy53My5vcmcvMjAwMC9zdmciPjwvc3ZnPg==\" style=\"--smush-placeholder-width: 724px; --smush-placeholder-aspect-ratio: 724\/1024;\" \/><\/figure>\n<\/div><\/div><\/div>\n\n\n\n<p class=\"has-text-align-center has-large-font-size\">L\u2019exposition est le prolongement de l&rsquo;ouvrage \u00ab Faune Fragile \u00bb qui m\u00eale textes scientifiques et illustrations artistiques : <br><a href=\"https:\/\/uicn.fr\/entre-art-et-science-parution-ouvrage-faune-fragile\/\">https:\/\/uicn.fr\/entre-art-et-science-parution-ouvrage-faune-fragile\/<\/a><\/p>\n\n\n\n<hr class=\"wp-block-separator has-css-opacity is-style-wide\"\/>\n\n\n\n<p class=\"has-text-align-center has-large-font-size\"><strong>Contact et conditions de location <\/strong><\/p>\n\n\n\n<p class=\"has-text-align-center has-large-font-size\">Art&rsquo;So Production : <a href=\"contact@artso.org\">contact@artso.org<\/a><\/p>\n\n\n\n<hr class=\"wp-block-separator has-css-opacity is-style-wide\"\/>\n\n\n\n<p class=\"has-text-align-center\"><mark style=\"background-color:rgba(0, 0, 0, 0)\" class=\"has-inline-color has-light-gray-color\">\u00c0 propos de l&rsquo;artiste<\/mark><\/p>\n\n\n\n<p>Sandra Guilbot, reconnue sous le nom de <strong>SANDROT<\/strong>, est une artiste animali\u00e8re, n\u00e9e \u00e0 Marseille en 1989. <br>Elle puise dans la nature la principale source de son inspiration. Elle a r\u00e9cemment collabor\u00e9 avec l\u2019Aquarium de Paris, pour une exposition \u00ab Carte Blanche \u00bb, ainsi qu\u2019avec la ville de Toulouse pour une \u0153uvre de 64 m\u00e8tres de long au bord du Canal du Midi.<br><br><a rel=\"noreferrer noopener\" href=\"https:\/\/www.sandrot.com\/\" target=\"_blank\">https:\/\/www.sandrot.com\/<\/a><\/p>\n\n\n\n<hr class=\"wp-block-separator has-css-opacity is-style-wide\"\/>\n\n\n\n<figure class=\"wp-block-gallery aligncenter has-nested-images columns-2 is-cropped wp-block-gallery-1 is-layout-flex wp-block-gallery-is-layout-flex\">\n<figure class=\"wp-block-image size-full\"><img decoding=\"async\" width=\"250\" height=\"250\" data-id=\"3831\" data-src=\"https:\/\/www.artso.org\/wp-content\/uploads\/2023\/10\/Sandrot-Signature-Noire.jpg\" alt=\"\" class=\"wp-image-3831 lazyload\" style=\"--smush-placeholder-width: 250px; --smush-placeholder-aspect-ratio: 250\/250;aspect-ratio:4\/3;object-fit:contain\" data-srcset=\"https:\/\/www.artso.org\/wp-content\/uploads\/2023\/10\/Sandrot-Signature-Noire.jpg 250w, https:\/\/www.artso.org\/wp-content\/uploads\/2023\/10\/Sandrot-Signature-Noire-150x150.jpg 150w\" data-sizes=\"(max-width: 250px) 100vw, 250px\" src=\"data:image\/svg+xml;base64,PHN2ZyB3aWR0aD0iMSIgaGVpZ2h0PSIxIiB4bWxucz0iaHR0cDovL3d3dy53My5vcmcvMjAwMC9zdmciPjwvc3ZnPg==\" \/><\/figure>\n\n\n\n<figure class=\"wp-block-image size-large\"><img decoding=\"async\" width=\"1024\" height=\"744\" data-id=\"3829\" data-src=\"https:\/\/www.artso.org\/wp-content\/uploads\/2023\/10\/UICN-logo-1024x744.png\" alt=\"\" class=\"wp-image-3829 lazyload\" style=\"--smush-placeholder-width: 1024px; --smush-placeholder-aspect-ratio: 1024\/744;aspect-ratio:16\/9;object-fit:contain\" data-srcset=\"https:\/\/www.artso.org\/wp-content\/uploads\/2023\/10\/UICN-logo-1024x744.png 1024w, https:\/\/www.artso.org\/wp-content\/uploads\/2023\/10\/UICN-logo-300x218.png 300w, https:\/\/www.artso.org\/wp-content\/uploads\/2023\/10\/UICN-logo-768x558.png 768w, https:\/\/www.artso.org\/wp-content\/uploads\/2023\/10\/UICN-logo-1536x1117.png 1536w, https:\/\/www.artso.org\/wp-content\/uploads\/2023\/10\/UICN-logo-2048x1489.png 2048w, https:\/\/www.artso.org\/wp-content\/uploads\/2023\/10\/UICN-logo-1200x872.png 1200w, https:\/\/www.artso.org\/wp-content\/uploads\/2023\/10\/UICN-logo-1860x1352.png 1860w\" data-sizes=\"(max-width: 1024px) 100vw, 1024px\" src=\"data:image\/svg+xml;base64,PHN2ZyB3aWR0aD0iMSIgaGVpZ2h0PSIxIiB4bWxucz0iaHR0cDovL3d3dy53My5vcmcvMjAwMC9zdmciPjwvc3ZnPg==\" \/><\/figure>\n<\/figure>\n\n\n\n<hr class=\"wp-block-separator has-css-opacity\"\/>\n","protected":false},"excerpt":{"rendered":"<p>Entre art et scienceun hymne au respect de la natureet un espoir pour l\u2019avenir L\u2019exposition \u00ab Faune Fragile \u00bb est le fruit de la collaboration scientifique et artistique entre Florian Kirchner charg\u00e9 de programme \u201cEsp\u00e8ces\u201d pour le Comit\u00e9 fran\u00e7ais de L\u2019UICN (Union internationale pour la conservation de la nature) et l\u2019artiste animali\u00e8re Sandrot. L\u2019exposition est [&hellip;]<\/p>\n","protected":false},"author":1,"featured_media":3828,"comment_status":"closed","ping_status":"closed","sticky":false,"template":"","format":"standard","meta":{"footnotes":""},"categories":[25,4,183],"tags":[],"class_list":["post-3827","post","type-post","status-publish","format-standard","has-post-thumbnail","hentry","category-projet","category-exposition","category-sandrot","has-thumbnail"],"_links":{"self":[{"href":"https:\/\/www.artso.org\/index.php\/wp-json\/wp\/v2\/posts\/3827","targetHints":{"allow":["GET"]}}],"collection":[{"href":"https:\/\/www.artso.org\/index.php\/wp-json\/wp\/v2\/posts"}],"about":[{"href":"https:\/\/www.artso.org\/index.php\/wp-json\/wp\/v2\/types\/post"}],"author":[{"embeddable":true,"href":"https:\/\/www.artso.org\/index.php\/wp-json\/wp\/v2\/users\/1"}],"replies":[{"embeddable":true,"href":"https:\/\/www.artso.org\/index.php\/wp-json\/wp\/v2\/comments?post=3827"}],"version-history":[{"count":3,"href":"https:\/\/www.artso.org\/index.php\/wp-json\/wp\/v2\/posts\/3827\/revisions"}],"predecessor-version":[{"id":5104,"href":"https:\/\/www.artso.org\/index.php\/wp-json\/wp\/v2\/posts\/3827\/revisions\/5104"}],"wp:featuredmedia":[{"embeddable":true,"href":"https:\/\/www.artso.org\/index.php\/wp-json\/wp\/v2\/media\/3828"}],"wp:attachment":[{"href":"https:\/\/www.artso.org\/index.php\/wp-json\/wp\/v2\/media?parent=3827"}],"wp:term":[{"taxonomy":"category","embeddable":true,"href":"https:\/\/www.artso.org\/index.php\/wp-json\/wp\/v2\/categories?post=3827"},{"taxonomy":"post_tag","embeddable":true,"href":"https:\/\/www.artso.org\/index.php\/wp-json\/wp\/v2\/tags?post=3827"}],"curies":[{"name":"wp","href":"https:\/\/api.w.org\/{rel}","templated":true}]}}