{"id":48,"date":"2020-12-06T09:10:58","date_gmt":"2020-12-06T08:10:58","guid":{"rendered":"http:\/\/artsook.cluster030.hosting.ovh.net\/?p=48"},"modified":"2025-02-10T18:24:34","modified_gmt":"2025-02-10T17:24:34","slug":"jef-aerosol-next-stop","status":"publish","type":"post","link":"https:\/\/www.artso.org\/index.php\/2020\/12\/06\/jef-aerosol-next-stop\/","title":{"rendered":"Fresque  \/ Jef A\u00e9rosol <br> <br> \u00ab\u00a0Next stop\u00a0\u00bb  <br> Marcq-en-Bar\u0153ul (2020)"},"content":{"rendered":"\n<p class=\"has-text-align-center has-small-font-size\">Fresque monumentale de <strong>15 panneaux<\/strong>  sur <strong>129 m<sup>2<\/sup><\/strong> <\/p>\n\n\n\n<p class=\"has-text-align-center\">Jef A\u00e9rosol, street&rsquo;artiste de renomm\u00e9e mondiale, a pos\u00e9 ses pochoirs \u00e0 Marcq-en-Bar\u0153ul du 24 ao\u00fbt au 04 septembre 2020 afin de r\u00e9aliser une nouvelle fresque sur les murs ext\u00e9rieurs du Centre technique Municipal, 31 rue de Menin.  <br>Enfance, voyage, jeux&#8230; tels sont les th\u00e8mes constituant le fil de rouge de ce travail.<\/p>\n\n\n\n<hr class=\"wp-block-separator has-css-opacity is-style-wide\"\/>\n\n\n\n<hr class=\"wp-block-separator has-css-opacity is-style-wide\"\/>\n\n\n\n<div class=\"wp-block-group alignfull\"><div class=\"wp-block-group__inner-container is-layout-flow wp-block-group-is-layout-flow\"><div class=\"wp-block-image\">\n<figure class=\"aligncenter size-large\"><img decoding=\"async\" width=\"830\" height=\"1024\" data-src=\"https:\/\/www.artso.org\/wp-content\/uploads\/2022\/12\/200830-VDN-Marcq-830x1024.jpeg\" alt=\"\" class=\"wp-image-1990 lazyload\" src=\"data:image\/svg+xml;base64,PHN2ZyB3aWR0aD0iMSIgaGVpZ2h0PSIxIiB4bWxucz0iaHR0cDovL3d3dy53My5vcmcvMjAwMC9zdmciPjwvc3ZnPg==\" style=\"--smush-placeholder-width: 830px; --smush-placeholder-aspect-ratio: 830\/1024;\" \/><\/figure>\n<\/div><\/div><\/div>\n\n\n\n<p class=\"has-text-align-center has-small-font-size\"><a href=\"https:\/\/www.lavoixdunord.fr\/860820\/article\/2020-09-05\/marcq-en-baroeul-l-artiste-jef-aerosol-accueilli-en-star-pour-l-inauguration-de\">https:\/\/www.lavoixdunord.fr\/860820\/article\/2020-09-05\/marcq-en-baroeul-l-artiste-jef-aerosol-accueilli-en-star-pour-l-inauguration-de<\/a><\/p>\n\n\n\n<hr class=\"wp-block-separator has-css-opacity is-style-wide\"\/>\n\n\n\n<figure class=\"wp-block-embed aligncenter is-type-video is-provider-youtube wp-block-embed-youtube wp-embed-aspect-16-9 wp-has-aspect-ratio\"><div class=\"wp-block-embed__wrapper\">\n<iframe title=\"2020 - JEF A\u00c9ROSOL, Next Stop Marcq-en-Baroeul\" width=\"560\" height=\"315\" data-src=\"https:\/\/www.youtube.com\/embed\/pqQZjtqTqxQ?feature=oembed\" frameborder=\"0\" allow=\"accelerometer; autoplay; clipboard-write; encrypted-media; gyroscope; picture-in-picture; web-share\" referrerpolicy=\"strict-origin-when-cross-origin\" allowfullscreen src=\"data:image\/svg+xml;base64,PHN2ZyB3aWR0aD0iMSIgaGVpZ2h0PSIxIiB4bWxucz0iaHR0cDovL3d3dy53My5vcmcvMjAwMC9zdmciPjwvc3ZnPg==\" class=\"lazyload\" data-load-mode=\"1\"><\/iframe>\n<\/div><\/figure>\n\n\n\n<hr class=\"wp-block-separator has-css-opacity is-style-wide\"\/>\n\n\n\n<p class=\"has-text-align-center\"><mark style=\"background-color:rgba(0, 0, 0, 0)\" class=\"has-inline-color has-light-gray-color\">\u00c0 propos de l&rsquo;artiste<\/mark><\/p>\n\n\n\n<p style=\"font-size:16px\">Jean-Fran\u00e7ois Perroy, plus connu sous le pseudonyme Jef A\u00e9rosol, n\u00e9 \u00e0 Nantes le 15 janvier 1957, est un artiste pochoiriste fran\u00e7ais issu de la premi\u00e8re vague de \u00ab street art \u00bb (art urbain) du d\u00e9but des ann\u00e9es 1980.<br>Il est consid\u00e9r\u00e9 comme l\u2019un des pionniers historiques de ce ph\u00e9nom\u00e8ne artistique.<br><br><a rel=\"noreferrer noopener\" href=\"https:\/\/www.jefaerosol.com\/\" target=\"_blank\">https:\/\/www.jefaerosol.com<\/a><\/p>\n\n\n\n<hr class=\"wp-block-separator has-css-opacity is-style-wide\"\/>\n\n\n\n<figure class=\"wp-block-gallery aligncenter has-nested-images columns-2 is-cropped wp-block-gallery-1 is-layout-flex wp-block-gallery-is-layout-flex\">\n<figure class=\"wp-block-image size-full\"><img decoding=\"async\" width=\"240\" height=\"160\" data-id=\"319\" data-src=\"https:\/\/www.artso.org\/wp-content\/uploads\/2020\/12\/Jef-Aerosol-1.jpg\" alt=\"\" class=\"wp-image-319 lazyload\" src=\"data:image\/svg+xml;base64,PHN2ZyB3aWR0aD0iMSIgaGVpZ2h0PSIxIiB4bWxucz0iaHR0cDovL3d3dy53My5vcmcvMjAwMC9zdmciPjwvc3ZnPg==\" style=\"--smush-placeholder-width: 240px; --smush-placeholder-aspect-ratio: 240\/160;\" \/><\/figure>\n\n\n\n<figure class=\"wp-block-image size-full\"><img decoding=\"async\" width=\"295\" height=\"151\" data-id=\"337\" data-src=\"https:\/\/www.artso.org\/wp-content\/uploads\/2020\/12\/Marcq-en-baroeul.jpg\" alt=\"\" class=\"wp-image-337 lazyload\" src=\"data:image\/svg+xml;base64,PHN2ZyB3aWR0aD0iMSIgaGVpZ2h0PSIxIiB4bWxucz0iaHR0cDovL3d3dy53My5vcmcvMjAwMC9zdmciPjwvc3ZnPg==\" style=\"--smush-placeholder-width: 295px; --smush-placeholder-aspect-ratio: 295\/151;\" \/><\/figure>\n<\/figure>\n\n\n\n<hr class=\"wp-block-separator has-css-opacity\"\/>\n","protected":false},"excerpt":{"rendered":"<p>Fresque monumentale de 15 panneaux sur 129 m2 Jef A\u00e9rosol, street&rsquo;artiste de renomm\u00e9e mondiale, a pos\u00e9 ses pochoirs \u00e0 Marcq-en-Bar\u0153ul du 24 ao\u00fbt au 04 septembre 2020 afin de r\u00e9aliser une nouvelle fresque sur les murs ext\u00e9rieurs du Centre technique Municipal, 31 rue de Menin. Enfance, voyage, jeux&#8230; tels sont les th\u00e8mes constituant le fil [&hellip;]<\/p>\n","protected":false},"author":1,"featured_media":50,"comment_status":"closed","ping_status":"closed","sticky":false,"template":"","format":"standard","meta":{"footnotes":""},"categories":[25,7,10],"tags":[],"class_list":["post-48","post","type-post","status-publish","format-standard","has-post-thumbnail","hentry","category-projet","category-jef-aerosol","category-fresque","has-thumbnail"],"_links":{"self":[{"href":"https:\/\/www.artso.org\/index.php\/wp-json\/wp\/v2\/posts\/48","targetHints":{"allow":["GET"]}}],"collection":[{"href":"https:\/\/www.artso.org\/index.php\/wp-json\/wp\/v2\/posts"}],"about":[{"href":"https:\/\/www.artso.org\/index.php\/wp-json\/wp\/v2\/types\/post"}],"author":[{"embeddable":true,"href":"https:\/\/www.artso.org\/index.php\/wp-json\/wp\/v2\/users\/1"}],"replies":[{"embeddable":true,"href":"https:\/\/www.artso.org\/index.php\/wp-json\/wp\/v2\/comments?post=48"}],"version-history":[{"count":22,"href":"https:\/\/www.artso.org\/index.php\/wp-json\/wp\/v2\/posts\/48\/revisions"}],"predecessor-version":[{"id":1991,"href":"https:\/\/www.artso.org\/index.php\/wp-json\/wp\/v2\/posts\/48\/revisions\/1991"}],"wp:featuredmedia":[{"embeddable":true,"href":"https:\/\/www.artso.org\/index.php\/wp-json\/wp\/v2\/media\/50"}],"wp:attachment":[{"href":"https:\/\/www.artso.org\/index.php\/wp-json\/wp\/v2\/media?parent=48"}],"wp:term":[{"taxonomy":"category","embeddable":true,"href":"https:\/\/www.artso.org\/index.php\/wp-json\/wp\/v2\/categories?post=48"},{"taxonomy":"post_tag","embeddable":true,"href":"https:\/\/www.artso.org\/index.php\/wp-json\/wp\/v2\/tags?post=48"}],"curies":[{"name":"wp","href":"https:\/\/api.w.org\/{rel}","templated":true}]}}