{"id":8,"date":"2020-12-03T10:05:54","date_gmt":"2020-12-03T09:05:54","guid":{"rendered":"http:\/\/artsook.cluster030.hosting.ovh.net\/?p=8"},"modified":"2025-02-10T18:26:15","modified_gmt":"2025-02-10T17:26:15","slug":"jef-aerosol","status":"publish","type":"post","link":"https:\/\/www.artso.org\/index.php\/2020\/12\/03\/jef-aerosol\/","title":{"rendered":"S\u00e9rigraphie \/ Jef A\u00e9rosol <\/br> <\/br> \u00ab\u00a0His World is (y)our World\u00a0\u00bb"},"content":{"rendered":"\n<p class=\"has-text-align-center has-small-font-size\">S\u00e9rigraphie sur V\u00e9lin d\u2019Arches 270g\/m2<\/p>\n\n\n\n<p class=\"has-text-align-center has-small-font-size\"><strong>60  x 40 cm<\/strong> <br>sign\u00e9 et num\u00e9rot\u00e9 par l&rsquo;artiste<br>80 exemplaires &#8211; \u00e9dition Anagraphis &#8211; 2019<\/p>\n\n\n\n<h3 class=\"wp-block-heading has-text-align-center\"><strong><strong>\u00e9puis\u00e9e<\/strong><\/strong><\/h3>\n\n\n\n<p class=\"has-text-align-center\">Nous&nbsp;<a href=\"http:\/\/artsook.cluster030.hosting.ovh.net\/index.php\/contact\/\">contacter<\/a>&nbsp;pour acquisition<\/p>\n\n\n\n<hr class=\"wp-block-separator has-css-opacity is-style-wide\"\/>\n\n\n\n<figure class=\"wp-block-gallery alignwide has-nested-images columns-2 is-cropped wp-block-gallery-1 is-layout-flex wp-block-gallery-is-layout-flex\">\n<figure class=\"wp-block-image size-large\"><a href=\"https:\/\/solidart.fr\/encheressolidaires\/wp-content\/uploads\/2020\/10\/Jef-Aerosol-This-World-Photo-2-768x1024.jpeg\" data-lbwps-width=\"768\" data-lbwps-height=\"1024\" data-lbwps-srcsmall=\"https:\/\/solidart.fr\/encheressolidaires\/wp-content\/uploads\/2020\/10\/Jef-Aerosol-This-World-Photo-2-768x1024.jpeg\"><img decoding=\"async\" data-id=\"502\" data-src=\"https:\/\/solidart.fr\/encheressolidaires\/wp-content\/uploads\/2020\/10\/Jef-Aerosol-This-World-Photo-2-768x1024.jpeg\" alt=\"\" class=\"wp-image-502 lazyload\" src=\"data:image\/svg+xml;base64,PHN2ZyB3aWR0aD0iMSIgaGVpZ2h0PSIxIiB4bWxucz0iaHR0cDovL3d3dy53My5vcmcvMjAwMC9zdmciPjwvc3ZnPg==\" style=\"--smush-placeholder-width: 768px; --smush-placeholder-aspect-ratio: 768\/1024;\" \/><\/a><figcaption class=\"wp-element-caption\">d\u00e9tail<\/figcaption><\/figure>\n\n\n\n<figure class=\"wp-block-image size-large\"><a href=\"https:\/\/solidart.fr\/encheressolidaires\/wp-content\/uploads\/2020\/10\/Jef-Aerosol-This-world-Photo-1-1024x1024.jpg\" data-lbwps-width=\"1024\" data-lbwps-height=\"1024\" data-lbwps-srcsmall=\"https:\/\/solidart.fr\/encheressolidaires\/wp-content\/uploads\/2020\/10\/Jef-Aerosol-This-world-Photo-1-1024x1024.jpg\"><img decoding=\"async\" data-id=\"503\" data-src=\"https:\/\/solidart.fr\/encheressolidaires\/wp-content\/uploads\/2020\/10\/Jef-Aerosol-This-world-Photo-1-1024x1024.jpg\" alt=\"\" class=\"wp-image-503 lazyload\" src=\"data:image\/svg+xml;base64,PHN2ZyB3aWR0aD0iMSIgaGVpZ2h0PSIxIiB4bWxucz0iaHR0cDovL3d3dy53My5vcmcvMjAwMC9zdmciPjwvc3ZnPg==\" style=\"--smush-placeholder-width: 1024px; --smush-placeholder-aspect-ratio: 1024\/1024;\" \/><\/a><figcaption class=\"wp-element-caption\">signature<\/figcaption><\/figure>\n\n\n\n<figure class=\"wp-block-image size-large\"><a href=\"https:\/\/solidart.fr\/encheressolidaires\/wp-content\/uploads\/2020\/10\/Jef-Aerosol-This-World-is-Y-our-World-350E-1024x1024.jpg\" data-lbwps-width=\"1024\" data-lbwps-height=\"1024\" data-lbwps-srcsmall=\"https:\/\/solidart.fr\/encheressolidaires\/wp-content\/uploads\/2020\/10\/Jef-Aerosol-This-World-is-Y-our-World-350E-1024x1024.jpg\"><img decoding=\"async\" data-id=\"501\" data-src=\"https:\/\/solidart.fr\/encheressolidaires\/wp-content\/uploads\/2020\/10\/Jef-Aerosol-This-World-is-Y-our-World-350E-1024x1024.jpg\" alt=\"\" class=\"wp-image-501 lazyload\" src=\"data:image\/svg+xml;base64,PHN2ZyB3aWR0aD0iMSIgaGVpZ2h0PSIxIiB4bWxucz0iaHR0cDovL3d3dy53My5vcmcvMjAwMC9zdmciPjwvc3ZnPg==\" style=\"--smush-placeholder-width: 1024px; --smush-placeholder-aspect-ratio: 1024\/1024;\" \/><\/a><figcaption class=\"wp-element-caption\"><em>his World is (y)our World<\/em><\/figcaption><\/figure>\n<\/figure>\n\n\n\n<hr class=\"wp-block-separator has-css-opacity is-style-wide\"\/>\n\n\n\n<p class=\"has-text-align-center\"><strong><span class=\"has-inline-color has-light-gray-color\">\u00c0 propos de l&rsquo;artiste<\/span> <\/strong><\/p>\n\n\n\n<p>Jean-Fran\u00e7ois Perroy, plus connu sous le pseudonyme Jef A\u00e9rosol, n\u00e9 \u00e0 Nantes le 15 janvier 1957, est un artiste pochoiriste fran\u00e7ais issu de la premi\u00e8re vague de \u00ab street art \u00bb (art urbain) du d\u00e9but des ann\u00e9es 1980.<br>Il est consid\u00e9r\u00e9 comme l\u2019un des pionniers historiques de ce ph\u00e9nom\u00e8ne artistique.<br><br><a rel=\"noreferrer noopener\" href=\"http:\/\/www.especedelivre.com\" target=\"_blank\"><\/a><a href=\"https:\/\/www.jefaerosol.com\/\">https:\/\/www.jefaerosol.com\/<\/a><\/p>\n\n\n\n<hr class=\"wp-block-separator has-css-opacity is-style-wide\"\/>\n","protected":false},"excerpt":{"rendered":"<p>S\u00e9rigraphie sur V\u00e9lin d\u2019Arches 270g\/m2 60 x 40 cm sign\u00e9 et num\u00e9rot\u00e9 par l&rsquo;artiste80 exemplaires &#8211; \u00e9dition Anagraphis &#8211; 2019 \u00e9puis\u00e9e Nous&nbsp;contacter&nbsp;pour acquisition \u00c0 propos de l&rsquo;artiste Jean-Fran\u00e7ois Perroy, plus connu sous le pseudonyme Jef A\u00e9rosol, n\u00e9 \u00e0 Nantes le 15 janvier 1957, est un artiste pochoiriste fran\u00e7ais issu de la premi\u00e8re vague de \u00ab [&hellip;]<\/p>\n","protected":false},"author":1,"featured_media":180,"comment_status":"closed","ping_status":"closed","sticky":false,"template":"","format":"standard","meta":{"footnotes":""},"categories":[25,6,7],"tags":[],"class_list":["post-8","post","type-post","status-publish","format-standard","has-post-thumbnail","hentry","category-projet","category-edition","category-jef-aerosol","has-thumbnail"],"_links":{"self":[{"href":"https:\/\/www.artso.org\/index.php\/wp-json\/wp\/v2\/posts\/8","targetHints":{"allow":["GET"]}}],"collection":[{"href":"https:\/\/www.artso.org\/index.php\/wp-json\/wp\/v2\/posts"}],"about":[{"href":"https:\/\/www.artso.org\/index.php\/wp-json\/wp\/v2\/types\/post"}],"author":[{"embeddable":true,"href":"https:\/\/www.artso.org\/index.php\/wp-json\/wp\/v2\/users\/1"}],"replies":[{"embeddable":true,"href":"https:\/\/www.artso.org\/index.php\/wp-json\/wp\/v2\/comments?post=8"}],"version-history":[{"count":10,"href":"https:\/\/www.artso.org\/index.php\/wp-json\/wp\/v2\/posts\/8\/revisions"}],"predecessor-version":[{"id":3842,"href":"https:\/\/www.artso.org\/index.php\/wp-json\/wp\/v2\/posts\/8\/revisions\/3842"}],"wp:featuredmedia":[{"embeddable":true,"href":"https:\/\/www.artso.org\/index.php\/wp-json\/wp\/v2\/media\/180"}],"wp:attachment":[{"href":"https:\/\/www.artso.org\/index.php\/wp-json\/wp\/v2\/media?parent=8"}],"wp:term":[{"taxonomy":"category","embeddable":true,"href":"https:\/\/www.artso.org\/index.php\/wp-json\/wp\/v2\/categories?post=8"},{"taxonomy":"post_tag","embeddable":true,"href":"https:\/\/www.artso.org\/index.php\/wp-json\/wp\/v2\/tags?post=8"}],"curies":[{"name":"wp","href":"https:\/\/api.w.org\/{rel}","templated":true}]}}