{"id":95,"date":"2020-12-06T11:53:38","date_gmt":"2020-12-06T10:53:38","guid":{"rendered":"http:\/\/artsook.cluster030.hosting.ovh.net\/?p=95"},"modified":"2025-02-10T18:24:19","modified_gmt":"2025-02-10T17:24:19","slug":"serigraphie-herve-di-rosa","status":"publish","type":"post","link":"https:\/\/www.artso.org\/index.php\/2020\/12\/06\/serigraphie-herve-di-rosa\/","title":{"rendered":"S\u00e9rigraphie \/ Herv\u00e9 Di Rosa"},"content":{"rendered":"\n<h1 class=\"wp-block-heading has-text-align-center\"><strong>\u00ab\u00a0P\u00e8re No\u00ebl vert\u00a0\u00bb<\/strong><\/h1>\n\n\n\n<p class=\"has-text-align-center has-small-font-size\"><strong>70  x 50 cm<\/strong> <br>S\u00e9rigraphie sur V\u00e9lin d\u2019Arches 270g\/m2<br>sign\u00e9e et num\u00e9rot\u00e9e par l&rsquo;artiste<br>60 exemplaires &#8211; \u00e9dition Anagraphis &#8211; 2020<\/p>\n\n\n\n<h3 class=\"wp-block-heading has-text-align-center\"><strong>300 \u20ac<\/strong><\/h3>\n\n\n\n<p class=\"has-text-align-center\">sur demande<\/p>\n\n\n\n<hr class=\"wp-block-separator has-css-opacity is-style-wide\"\/>\n\n\n\n<figure class=\"wp-block-gallery alignwide has-nested-images columns-default wp-block-gallery-1 is-layout-flex wp-block-gallery-is-layout-flex\">\n<figure class=\"wp-block-image size-large\"><a href=\"https:\/\/solidart.fr\/encheressolidaires\/wp-content\/uploads\/2020\/10\/Herve-Di-Rosa-Pere-Noel-vert-Serigraphie-50x70cm.jpeg\" data-lbwps-width=\"448\" data-lbwps-height=\"640\" data-lbwps-srcsmall=\"https:\/\/solidart.fr\/encheressolidaires\/wp-content\/uploads\/2020\/10\/Herve-Di-Rosa-Pere-Noel-vert-Serigraphie-50x70cm.jpeg\"><img decoding=\"async\" data-id=\"228\" data-src=\"https:\/\/solidart.fr\/encheressolidaires\/wp-content\/uploads\/2020\/10\/Herve-Di-Rosa-Pere-Noel-vert-Serigraphie-50x70cm.jpeg\" alt=\"\" class=\"wp-image-228 lazyload\" src=\"data:image\/svg+xml;base64,PHN2ZyB3aWR0aD0iMSIgaGVpZ2h0PSIxIiB4bWxucz0iaHR0cDovL3d3dy53My5vcmcvMjAwMC9zdmciPjwvc3ZnPg==\" \/><\/a><\/figure>\n\n\n\n<figure class=\"wp-block-image size-large\"><a href=\"https:\/\/solidart.fr\/encheressolidaires\/wp-content\/uploads\/2020\/10\/Di-Rosa-Pose.jpg\" data-lbwps-width=\"560\" data-lbwps-height=\"675\" data-lbwps-srcsmall=\"https:\/\/solidart.fr\/encheressolidaires\/wp-content\/uploads\/2020\/10\/Di-Rosa-Pose.jpg\"><img decoding=\"async\" data-id=\"229\" data-src=\"https:\/\/solidart.fr\/encheressolidaires\/wp-content\/uploads\/2020\/10\/Di-Rosa-Pose.jpg\" alt=\"\" class=\"wp-image-229 lazyload\" src=\"data:image\/svg+xml;base64,PHN2ZyB3aWR0aD0iMSIgaGVpZ2h0PSIxIiB4bWxucz0iaHR0cDovL3d3dy53My5vcmcvMjAwMC9zdmciPjwvc3ZnPg==\" \/><\/a><figcaption class=\"wp-element-caption\">Herv\u00e9 Di Rosa<\/figcaption><\/figure>\n<\/figure>\n\n\n\n<p class=\"has-text-align-center\"><span class=\"has-inline-color has-light-gray-color\"><strong>\u00c0 propos de l&rsquo;artiste<\/strong><\/span><\/p>\n\n\n\n<p>Herv\u00e9 Di Rosa (n\u00e9 \u00e0 S\u00e8te le 17 d\u00e9cembre 1959) est un peintre fran\u00e7ais. <br>Artiste peintre contemporain, il est avec Richard Di Rosa, Fran\u00e7ois Boisrond, R\u00e9mi Blanchard et Robert Combas l&rsquo;un des principaux artisans du mouvement fran\u00e7ais de la \u00ab figuration libre \u00bb, renouveau de la peinture dans les ann\u00e9es 1980, une peinture empruntant souvent \u00e0 la BD, au rock et au graffiti.<br><br><a href=\"https:\/\/dirosa.org\/\">https:\/\/dirosa.org\/<\/a><\/p>\n\n\n\n<hr class=\"wp-block-separator has-css-opacity is-style-wide\"\/>\n\n\n\n<p class=\"has-text-align-center\"><\/p>\n\n\n\n<hr class=\"wp-block-separator has-css-opacity\"\/>\n","protected":false},"excerpt":{"rendered":"<p>\u00ab\u00a0P\u00e8re No\u00ebl vert\u00a0\u00bb 70 x 50 cm S\u00e9rigraphie sur V\u00e9lin d\u2019Arches 270g\/m2sign\u00e9e et num\u00e9rot\u00e9e par l&rsquo;artiste60 exemplaires &#8211; \u00e9dition Anagraphis &#8211; 2020 300 \u20ac sur demande \u00c0 propos de l&rsquo;artiste Herv\u00e9 Di Rosa (n\u00e9 \u00e0 S\u00e8te le 17 d\u00e9cembre 1959) est un peintre fran\u00e7ais. Artiste peintre contemporain, il est avec Richard Di Rosa, Fran\u00e7ois Boisrond, [&hellip;]<\/p>\n","protected":false},"author":1,"featured_media":332,"comment_status":"closed","ping_status":"closed","sticky":false,"template":"","format":"standard","meta":{"footnotes":""},"categories":[25,6,11],"tags":[],"class_list":["post-95","post","type-post","status-publish","format-standard","has-post-thumbnail","hentry","category-projet","category-edition","category-gregory-valentin","has-thumbnail"],"_links":{"self":[{"href":"https:\/\/www.artso.org\/index.php\/wp-json\/wp\/v2\/posts\/95","targetHints":{"allow":["GET"]}}],"collection":[{"href":"https:\/\/www.artso.org\/index.php\/wp-json\/wp\/v2\/posts"}],"about":[{"href":"https:\/\/www.artso.org\/index.php\/wp-json\/wp\/v2\/types\/post"}],"author":[{"embeddable":true,"href":"https:\/\/www.artso.org\/index.php\/wp-json\/wp\/v2\/users\/1"}],"replies":[{"embeddable":true,"href":"https:\/\/www.artso.org\/index.php\/wp-json\/wp\/v2\/comments?post=95"}],"version-history":[{"count":7,"href":"https:\/\/www.artso.org\/index.php\/wp-json\/wp\/v2\/posts\/95\/revisions"}],"predecessor-version":[{"id":6228,"href":"https:\/\/www.artso.org\/index.php\/wp-json\/wp\/v2\/posts\/95\/revisions\/6228"}],"wp:featuredmedia":[{"embeddable":true,"href":"https:\/\/www.artso.org\/index.php\/wp-json\/wp\/v2\/media\/332"}],"wp:attachment":[{"href":"https:\/\/www.artso.org\/index.php\/wp-json\/wp\/v2\/media?parent=95"}],"wp:term":[{"taxonomy":"category","embeddable":true,"href":"https:\/\/www.artso.org\/index.php\/wp-json\/wp\/v2\/categories?post=95"},{"taxonomy":"post_tag","embeddable":true,"href":"https:\/\/www.artso.org\/index.php\/wp-json\/wp\/v2\/tags?post=95"}],"curies":[{"name":"wp","href":"https:\/\/api.w.org\/{rel}","templated":true}]}}