{"id":99,"date":"2020-12-06T11:56:57","date_gmt":"2020-12-06T10:56:57","guid":{"rendered":"http:\/\/artsook.cluster030.hosting.ovh.net\/?p=99"},"modified":"2025-02-10T18:24:27","modified_gmt":"2025-02-10T17:24:27","slug":"serigraphie-jef-aerosol-faster","status":"publish","type":"post","link":"https:\/\/www.artso.org\/index.php\/2020\/12\/06\/serigraphie-jef-aerosol-faster\/","title":{"rendered":"S\u00e9rigraphie \/ Jef A\u00e9rosol <\/br> \u00ab\u00a0Faster\u00a0\u00bb"},"content":{"rendered":"\n<p class=\"has-text-align-center has-small-font-size\"><strong>50 x 70 cm<\/strong> <br>S\u00e9rigraphie sur V\u00e9lin d\u2019Arches 270g\/m2<br>sign\u00e9e et num\u00e9rot\u00e9e par l&rsquo;artiste<br>100 exemplaires &#8211; \u00e9dition Anagraphis<strong> <\/strong>&#8211; 2020<\/p>\n\n\n\n<h3 class=\"wp-block-heading has-text-align-center\"><strong>\u00e9puis\u00e9e<\/strong><\/h3>\n\n\n\n<p class=\"has-text-align-center\">Nous&nbsp;<a href=\"http:\/\/artsook.cluster030.hosting.ovh.net\/index.php\/contact\/\">contacter<\/a>&nbsp;pour acquisition<\/p>\n\n\n\n<hr class=\"wp-block-separator has-css-opacity is-style-wide\"\/>\n\n\n\n<figure class=\"wp-block-gallery alignwide has-nested-images columns-2 is-cropped wp-block-gallery-1 is-layout-flex wp-block-gallery-is-layout-flex\">\n<figure class=\"wp-block-image size-large\"><a href=\"https:\/\/solidart.fr\/encheressolidaires\/wp-content\/uploads\/2020\/10\/Jef-Aerosol-Faster-97-sur-100-1-1024x1024.jpg\" data-lbwps-width=\"1024\" data-lbwps-height=\"1024\" data-lbwps-srcsmall=\"https:\/\/solidart.fr\/encheressolidaires\/wp-content\/uploads\/2020\/10\/Jef-Aerosol-Faster-97-sur-100-1-1024x1024.jpg\"><img decoding=\"async\" data-id=\"425\" data-src=\"https:\/\/solidart.fr\/encheressolidaires\/wp-content\/uploads\/2020\/10\/Jef-Aerosol-Faster-97-sur-100-1-1024x1024.jpg\" alt=\"\" class=\"wp-image-425 lazyload\" src=\"data:image\/svg+xml;base64,PHN2ZyB3aWR0aD0iMSIgaGVpZ2h0PSIxIiB4bWxucz0iaHR0cDovL3d3dy53My5vcmcvMjAwMC9zdmciPjwvc3ZnPg==\" style=\"--smush-placeholder-width: 1024px; --smush-placeholder-aspect-ratio: 1024\/1024;\" \/><\/a><\/figure>\n\n\n\n<figure class=\"wp-block-image size-large\"><a href=\"https:\/\/solidart.fr\/encheressolidaires\/wp-content\/uploads\/2020\/10\/IMG_2773.jpeg\" data-lbwps-width=\"750\" data-lbwps-height=\"601\" data-lbwps-srcsmall=\"https:\/\/solidart.fr\/encheressolidaires\/wp-content\/uploads\/2020\/10\/IMG_2773.jpeg\"><img decoding=\"async\" data-id=\"424\" data-src=\"https:\/\/solidart.fr\/encheressolidaires\/wp-content\/uploads\/2020\/10\/IMG_2773.jpeg\" alt=\"\" class=\"wp-image-424 lazyload\" src=\"data:image\/svg+xml;base64,PHN2ZyB3aWR0aD0iMSIgaGVpZ2h0PSIxIiB4bWxucz0iaHR0cDovL3d3dy53My5vcmcvMjAwMC9zdmciPjwvc3ZnPg==\" \/><\/a><\/figure>\n\n\n\n<figure class=\"wp-block-image size-large\"><a href=\"https:\/\/solidart.fr\/encheressolidaires\/wp-content\/uploads\/2020\/10\/Jef-Aerosol-Road-Trip-1-1024x756.jpeg\" data-lbwps-width=\"1024\" data-lbwps-height=\"756\" data-lbwps-srcsmall=\"https:\/\/solidart.fr\/encheressolidaires\/wp-content\/uploads\/2020\/10\/Jef-Aerosol-Road-Trip-1-1024x756.jpeg\"><img decoding=\"async\" data-id=\"426\" data-src=\"https:\/\/solidart.fr\/encheressolidaires\/wp-content\/uploads\/2020\/10\/Jef-Aerosol-Road-Trip-1-1024x756.jpeg\" alt=\"\" class=\"wp-image-426 lazyload\" src=\"data:image\/svg+xml;base64,PHN2ZyB3aWR0aD0iMSIgaGVpZ2h0PSIxIiB4bWxucz0iaHR0cDovL3d3dy53My5vcmcvMjAwMC9zdmciPjwvc3ZnPg==\" style=\"--smush-placeholder-width: 1024px; --smush-placeholder-aspect-ratio: 1024\/756;\" \/><\/a><\/figure>\n<\/figure>\n\n\n\n<hr class=\"wp-block-separator has-css-opacity is-style-wide\"\/>\n\n\n\n<p class=\"has-text-align-center\"><span style=\"background-color:rgba(0, 0, 0, 0)\" class=\"has-inline-color has-light-gray-color\"><strong>\u00c0 propos de l&rsquo;artiste<\/strong><\/span><\/p>\n\n\n\n<p style=\"font-size:16px\">Jean-Fran\u00e7ois Perroy, plus connu sous le pseudonyme Jef A\u00e9rosol, n\u00e9 \u00e0 Nantes le 15 janvier 1957, est un artiste pochoiriste fran\u00e7ais issu de la premi\u00e8re vague de \u00ab street art \u00bb (art urbain) du d\u00e9but des ann\u00e9es 1980.<br>Il est consid\u00e9r\u00e9 comme l&rsquo;un des pionniers historiques de ce ph\u00e9nom\u00e8ne artistique.<br><br><a href=\"https:\/\/www.jefaerosol.com\/\">https:\/\/www.jefaerosol.com\/<\/a><\/p>\n\n\n\n<hr class=\"wp-block-separator has-css-opacity is-style-wide\"\/>\n","protected":false},"excerpt":{"rendered":"<p>50 x 70 cm S\u00e9rigraphie sur V\u00e9lin d\u2019Arches 270g\/m2sign\u00e9e et num\u00e9rot\u00e9e par l&rsquo;artiste100 exemplaires &#8211; \u00e9dition Anagraphis &#8211; 2020 \u00e9puis\u00e9e Nous&nbsp;contacter&nbsp;pour acquisition \u00c0 propos de l&rsquo;artiste Jean-Fran\u00e7ois Perroy, plus connu sous le pseudonyme Jef A\u00e9rosol, n\u00e9 \u00e0 Nantes le 15 janvier 1957, est un artiste pochoiriste fran\u00e7ais issu de la premi\u00e8re vague de \u00ab street [&hellip;]<\/p>\n","protected":false},"author":1,"featured_media":100,"comment_status":"closed","ping_status":"closed","sticky":false,"template":"","format":"standard","meta":{"footnotes":""},"categories":[25,6,7],"tags":[],"class_list":["post-99","post","type-post","status-publish","format-standard","has-post-thumbnail","hentry","category-projet","category-edition","category-jef-aerosol","has-thumbnail"],"_links":{"self":[{"href":"https:\/\/www.artso.org\/index.php\/wp-json\/wp\/v2\/posts\/99","targetHints":{"allow":["GET"]}}],"collection":[{"href":"https:\/\/www.artso.org\/index.php\/wp-json\/wp\/v2\/posts"}],"about":[{"href":"https:\/\/www.artso.org\/index.php\/wp-json\/wp\/v2\/types\/post"}],"author":[{"embeddable":true,"href":"https:\/\/www.artso.org\/index.php\/wp-json\/wp\/v2\/users\/1"}],"replies":[{"embeddable":true,"href":"https:\/\/www.artso.org\/index.php\/wp-json\/wp\/v2\/comments?post=99"}],"version-history":[{"count":6,"href":"https:\/\/www.artso.org\/index.php\/wp-json\/wp\/v2\/posts\/99\/revisions"}],"predecessor-version":[{"id":3843,"href":"https:\/\/www.artso.org\/index.php\/wp-json\/wp\/v2\/posts\/99\/revisions\/3843"}],"wp:featuredmedia":[{"embeddable":true,"href":"https:\/\/www.artso.org\/index.php\/wp-json\/wp\/v2\/media\/100"}],"wp:attachment":[{"href":"https:\/\/www.artso.org\/index.php\/wp-json\/wp\/v2\/media?parent=99"}],"wp:term":[{"taxonomy":"category","embeddable":true,"href":"https:\/\/www.artso.org\/index.php\/wp-json\/wp\/v2\/categories?post=99"},{"taxonomy":"post_tag","embeddable":true,"href":"https:\/\/www.artso.org\/index.php\/wp-json\/wp\/v2\/tags?post=99"}],"curies":[{"name":"wp","href":"https:\/\/api.w.org\/{rel}","templated":true}]}}